{"id":1719,"date":"2026-02-12T20:56:40","date_gmt":"2026-02-12T20:56:40","guid":{"rendered":"https:\/\/eskigazeteci.com\/?p=1719"},"modified":"2026-02-12T20:56:40","modified_gmt":"2026-02-12T20:56:40","slug":"anadolu-efes-basantrenoru-pablo-laso-bence-iyi-oynadik","status":"publish","type":"post","link":"https:\/\/eskigazeteci.com\/?p=1719","title":{"rendered":"Anadolu Efes Ba\u015fantren\u00f6r\u00fc Pablo Laso: &#8216;Bence iyi oynad\u0131k&#8217;"},"content":{"rendered":"<p>Pablo Laso, m\u00fcsabakan\u0131n ard\u0131ndan Turkcell Basketbol Geli\u015fim Merkezi&#x27;nde bas\u0131n mensuplar\u0131na a\u00e7\u0131klamalarda bulundu.<\/p>\n<p>Galibiyetten dolay\u0131 tak\u0131m\u0131 kutlayan Laso , &quot;Bence iyi oynad\u0131k. Defansta iyi i\u015f \u00e7\u0131kard\u0131k. Rakibi d\u00fc\u015f\u00fck bir skorda tuttuk. Son derece skorer oyunculara sahip bir tak\u0131mdan bahsediyoruz. Onlar\u0131 durdurmay\u0131 ba\u015fard\u0131k. Topu iyi payla\u015ft\u0131k. Oyuncular i\u00e7in iyi bo\u015fluklar bulduk. Savunmadaki direncimizin \u00f6d\u00fcl\u00fcn\u00fc h\u00fccumda ald\u0131k. Cole Swider da d\u0131\u015f at\u0131\u015flardan \u00e7ok iyi isabetler buldu. Baz\u0131 oyuncular iyile\u015fiyor. Bu durum \u00f6n\u00fcm\u00fczdeki ma\u00e7lar i\u00e7in bize kadro derinli\u011fi sa\u011flayacak.&quot; ifadelerini kulland\u0131.<\/p>\n<p>\u0130spanyol ba\u015fantren\u00f6r, tak\u0131ma kat\u0131ld\u0131\u011f\u0131nda ilk olarak sporcular\u0131 kazanmay\u0131 ama\u00e7lad\u0131\u011f\u0131n\u0131 aktararak, \u015funlar\u0131 s\u00f6yledi:<\/p>\n<p>&quot;Ben bir doktor de\u011filim. Ben bir basketbol antren\u00f6r\u00fcy\u00fcm. Bizim i\u00e7in ge\u00e7ti\u011fimiz birka\u00e7 ay zorlu ge\u00e7ti. Oyuncular\u0131n tak\u0131ma yeniden kat\u0131l\u0131yor olmas\u0131 benim i\u00e7in \u00f6nemliydi. Oyuncular\u0131 kaybetmek \u00fczerine plan kurmam\u0131\u015ft\u0131m. Tak\u0131m\u0131 sadece giren veya girmeyen \u015futlarla de\u011ferlendirmek yanl\u0131\u015f olur. Benim i\u00e7in en zorlu durum, do\u011fru \u015feyleri yapmak i\u00e7in onlar\u0131 ikna etmekti. Oyuncu baz\u0131nda bakacak olursak Nick Weiler-Babb, benim g\u00f6rd\u00fc\u011f\u00fcm en iyi performans\u0131 sergiledi. Bakt\u0131\u011f\u0131n\u0131zda 7&#x27;de 0 yapt\u0131&#8230;.<\/p>\n","protected":false},"excerpt":{"rendered":"<p>Basketbol Avrupa Ligi&#8217;nin 28. haftas\u0131nda konuk etti\u011fi \u0130talya ekibi Virtus Bologna&#8217;y\u0131 91-60 ma\u011flup eden Anadolu Efes&#8217;in ba\u015fantren\u00f6r\u00fc Pablo Laso, kar\u015f\u0131la\u015fmada&#8230;<\/p>\n","protected":false},"author":2,"featured_media":1718,"comment_status":"open","ping_status":"open","sticky":false,"template":"","format":"standard","meta":{"footnotes":""},"categories":[8,5,7],"tags":[],"class_list":["post-1719","post","type-post","status-publish","format-standard","has-post-thumbnail","hentry","category-arsiv","category-son-dakika","category-spor"],"_links":{"self":[{"href":"https:\/\/eskigazeteci.com\/index.php?rest_route=\/wp\/v2\/posts\/1719","targetHints":{"allow":["GET"]}}],"collection":[{"href":"https:\/\/eskigazeteci.com\/index.php?rest_route=\/wp\/v2\/posts"}],"about":[{"href":"https:\/\/eskigazeteci.com\/index.php?rest_route=\/wp\/v2\/types\/post"}],"author":[{"embeddable":true,"href":"https:\/\/eskigazeteci.com\/index.php?rest_route=\/wp\/v2\/users\/2"}],"replies":[{"embeddable":true,"href":"https:\/\/eskigazeteci.com\/index.php?rest_route=%2Fwp%2Fv2%2Fcomments&post=1719"}],"version-history":[{"count":0,"href":"https:\/\/eskigazeteci.com\/index.php?rest_route=\/wp\/v2\/posts\/1719\/revisions"}],"wp:featuredmedia":[{"embeddable":true,"href":"https:\/\/eskigazeteci.com\/index.php?rest_route=\/wp\/v2\/media\/1718"}],"wp:attachment":[{"href":"https:\/\/eskigazeteci.com\/index.php?rest_route=%2Fwp%2Fv2%2Fmedia&parent=1719"}],"wp:term":[{"taxonomy":"category","embeddable":true,"href":"https:\/\/eskigazeteci.com\/index.php?rest_route=%2Fwp%2Fv2%2Fcategories&post=1719"},{"taxonomy":"post_tag","embeddable":true,"href":"https:\/\/eskigazeteci.com\/index.php?rest_route=%2Fwp%2Fv2%2Ftags&post=1719"}],"curies":[{"name":"wp","href":"https:\/\/api.w.org\/{rel}","templated":true}]}}