{"id":1717,"date":"2026-02-12T20:48:10","date_gmt":"2026-02-12T20:48:10","guid":{"rendered":"https:\/\/eskigazeteci.com\/?p=1717"},"modified":"2026-02-12T20:48:10","modified_gmt":"2026-02-12T20:48:10","slug":"leonardo-bonucci-turkiye-onemli-yildizlara-sahip","status":"publish","type":"post","link":"https:\/\/eskigazeteci.com\/?p=1717","title":{"rendered":"Leonardo Bonucci: &#8216;T\u00fcrkiye \u00f6nemli y\u0131ld\u0131zlara sahip&#8217;"},"content":{"rendered":"<p>Bel\u00e7ika&#x27;n\u0131n ba\u015fkenti Br\u00fcksel&#x27;de ger\u00e7ekle\u015ftirilen kura \u00e7ekiminden sonra konu\u015fan Bonucci, &quot;Kesinlikle heyecan verici bir e\u015fle\u015fme. D\u00f6rt g\u00fc\u00e7l\u00fc milli tak\u0131m kar\u015f\u0131la\u015facak. Bel\u00e7ika, T\u00fcrkiye, Fransa ve \u0130talya. \u00dcst seviyede ma\u00e7lar izlemek i\u00e7in en iyi grup bu. Dolay\u0131s\u0131yla bu e\u015fle\u015fmelerden memnunum.&quot; ifadelerini kullland\u0131.<\/p>\n<p>Montella&#x27;n\u0131n kendi evinde \u0130talya&#x27;ya kar\u015f\u0131 m\u00fccadele edece\u011fi i\u00e7in heyecanl\u0131 oldu\u011funu s\u00f6ylemesi hakk\u0131nda ise Bonucci, &quot;Vincenzo Montella ile zaten kuradan \u00f6nce de konu\u015ftuk. Onunla kar\u015f\u0131la\u015fmak her zaman g\u00fczel bir \u015fey. Ma\u00e7lar \u00e7ok \u00e7eki\u015fmeli ge\u00e7ecek.&quot; \u015feklinde konu\u015ftu.<\/p>\n<p>Gruptaki \u0130talya-T\u00fcrkiye ma\u00e7lar\u0131 hakk\u0131nda da Bonucci , &quot;T\u00fcrkiye de \u0130talya da \u00f6nemli yeteneklere, y\u0131ld\u0131zlara sahip, iyi futbol oynayan iki tak\u0131m. \u0130zlenmeye de\u011fer ma\u00e7lar olacak.&quot; de\u011ferlendirmesinde bulundu.<\/p>\n<p>T\u00fcrkiye&#x27;den ve D\u00fcnya\u2019dan son dakika haberleri, k\u00f6\u015fe yaz\u0131lar\u0131, magazinden siyasete, spordan seyahate b\u00fct\u00fcn konular\u0131n tek adresi Hurriyet.com.tr haber i\u00e7erikleri izin al\u0131nmadan, kaynak g\u00f6sterilerek dahi iktibas edilemez. Kanuna ayk\u0131r\u0131 ve izinsiz olarak kopyalanamaz, ba\u015fka yerde yay\u0131nlanamaz.<\/p>\n","protected":false},"excerpt":{"rendered":"<p>\u0130talya Milli Futbol Tak\u0131m\u0131 Teknik Direkt\u00f6r\u00fc Gennaro Gattuso&#8217;nun yard\u0131mc\u0131s\u0131 Leonardo Bonucci, UEFA Uluslar A Ligi&#8217;nde T\u00fcrkiye, Fransa ve Bel\u00e7ika ile&#8230;<\/p>\n","protected":false},"author":2,"featured_media":1716,"comment_status":"open","ping_status":"open","sticky":false,"template":"","format":"standard","meta":{"footnotes":""},"categories":[8,5,7],"tags":[],"class_list":["post-1717","post","type-post","status-publish","format-standard","has-post-thumbnail","hentry","category-arsiv","category-son-dakika","category-spor"],"_links":{"self":[{"href":"https:\/\/eskigazeteci.com\/index.php?rest_route=\/wp\/v2\/posts\/1717","targetHints":{"allow":["GET"]}}],"collection":[{"href":"https:\/\/eskigazeteci.com\/index.php?rest_route=\/wp\/v2\/posts"}],"about":[{"href":"https:\/\/eskigazeteci.com\/index.php?rest_route=\/wp\/v2\/types\/post"}],"author":[{"embeddable":true,"href":"https:\/\/eskigazeteci.com\/index.php?rest_route=\/wp\/v2\/users\/2"}],"replies":[{"embeddable":true,"href":"https:\/\/eskigazeteci.com\/index.php?rest_route=%2Fwp%2Fv2%2Fcomments&post=1717"}],"version-history":[{"count":0,"href":"https:\/\/eskigazeteci.com\/index.php?rest_route=\/wp\/v2\/posts\/1717\/revisions"}],"wp:featuredmedia":[{"embeddable":true,"href":"https:\/\/eskigazeteci.com\/index.php?rest_route=\/wp\/v2\/media\/1716"}],"wp:attachment":[{"href":"https:\/\/eskigazeteci.com\/index.php?rest_route=%2Fwp%2Fv2%2Fmedia&parent=1717"}],"wp:term":[{"taxonomy":"category","embeddable":true,"href":"https:\/\/eskigazeteci.com\/index.php?rest_route=%2Fwp%2Fv2%2Fcategories&post=1717"},{"taxonomy":"post_tag","embeddable":true,"href":"https:\/\/eskigazeteci.com\/index.php?rest_route=%2Fwp%2Fv2%2Ftags&post=1717"}],"curies":[{"name":"wp","href":"https:\/\/api.w.org\/{rel}","templated":true}]}}