{"id":1711,"date":"2026-02-12T20:26:39","date_gmt":"2026-02-12T20:26:39","guid":{"rendered":"https:\/\/eskigazeteci.com\/?p=1711"},"modified":"2026-02-12T20:26:39","modified_gmt":"2026-02-12T20:26:39","slug":"bakan-kacir-yunanistan-kalkinma-bakani-theodorikakos-ile-gorustu","status":"publish","type":"post","link":"https:\/\/eskigazeteci.com\/?p=1711","title":{"rendered":"Bakan Kac\u0131r, Yunanistan Kalk\u0131nma Bakan\u0131 Theodorikakos ile g\u00f6r\u00fc\u015ft\u00fc"},"content":{"rendered":"<p>Sanayi ve Teknoloji Bakan\u0131 Mehmet Fatih Kac\u0131r, Yunanistan Kalk\u0131nma Bakan\u0131 Takis Theodorikakos ile T\u00fcrkiye-Yunanistan 6. Y\u00fcksek D\u00fczeyli \u0130\u015f Birli\u011fi Konseyi&#8230;<\/p>\n","protected":false},"excerpt":{"rendered":"<p>Sanayi ve Teknoloji Bakan\u0131 Mehmet Fatih Kac\u0131r, Yunanistan Kalk\u0131nma Bakan\u0131 Takis Theodorikakos ile T\u00fcrkiye-Yunanistan 6. Y\u00fcksek D\u00fczeyli \u0130\u015f Birli\u011fi Konseyi&#8230;<\/p>\n","protected":false},"author":2,"featured_media":1710,"comment_status":"open","ping_status":"open","sticky":false,"template":"","format":"standard","meta":{"footnotes":""},"categories":[8,6,5],"tags":[],"class_list":["post-1711","post","type-post","status-publish","format-standard","has-post-thumbnail","hentry","category-arsiv","category-gundem","category-son-dakika"],"_links":{"self":[{"href":"https:\/\/eskigazeteci.com\/index.php?rest_route=\/wp\/v2\/posts\/1711","targetHints":{"allow":["GET"]}}],"collection":[{"href":"https:\/\/eskigazeteci.com\/index.php?rest_route=\/wp\/v2\/posts"}],"about":[{"href":"https:\/\/eskigazeteci.com\/index.php?rest_route=\/wp\/v2\/types\/post"}],"author":[{"embeddable":true,"href":"https:\/\/eskigazeteci.com\/index.php?rest_route=\/wp\/v2\/users\/2"}],"replies":[{"embeddable":true,"href":"https:\/\/eskigazeteci.com\/index.php?rest_route=%2Fwp%2Fv2%2Fcomments&post=1711"}],"version-history":[{"count":0,"href":"https:\/\/eskigazeteci.com\/index.php?rest_route=\/wp\/v2\/posts\/1711\/revisions"}],"wp:featuredmedia":[{"embeddable":true,"href":"https:\/\/eskigazeteci.com\/index.php?rest_route=\/wp\/v2\/media\/1710"}],"wp:attachment":[{"href":"https:\/\/eskigazeteci.com\/index.php?rest_route=%2Fwp%2Fv2%2Fmedia&parent=1711"}],"wp:term":[{"taxonomy":"category","embeddable":true,"href":"https:\/\/eskigazeteci.com\/index.php?rest_route=%2Fwp%2Fv2%2Fcategories&post=1711"},{"taxonomy":"post_tag","embeddable":true,"href":"https:\/\/eskigazeteci.com\/index.php?rest_route=%2Fwp%2Fv2%2Ftags&post=1711"}],"curies":[{"name":"wp","href":"https:\/\/api.w.org\/{rel}","templated":true}]}}