{"id":1707,"date":"2026-02-12T19:56:38","date_gmt":"2026-02-12T19:56:38","guid":{"rendered":"https:\/\/eskigazeteci.com\/?p=1707"},"modified":"2026-02-12T19:56:38","modified_gmt":"2026-02-12T19:56:38","slug":"fransa-futbol-federasyonu-baskani-diallodan-turkiye-yorumu","status":"publish","type":"post","link":"https:\/\/eskigazeteci.com\/?p=1707","title":{"rendered":"Fransa Futbol Federasyonu Ba\u015fkan\u0131 Diallo&#8217;dan T\u00fcrkiye yorumu!"},"content":{"rendered":"<p>Bel\u00e7ika&#x27;n\u0131n ba\u015fkenti Br\u00fcksel&#x27;de ger\u00e7ekle\u015ftirilen kura \u00e7ekiminden sonra konu\u015fan Diallo, &quot;UEFA Uluslar Ligi , enteresan bir turnuva. \u0130talya, Bel\u00e7ika ve T\u00fcrkiye gibi \u00e7ok iyi tak\u0131mlara kar\u015f\u0131 \u00e7ok g\u00fczel ma\u00e7lar oynayaca\u011f\u0131z. Zorlu bir grup oldu\u011funu d\u00fc\u015f\u00fcn\u00fcyorum. Neler olaca\u011f\u0131n\u0131 g\u00f6rece\u011fiz.&quot; ifadelerini kulland\u0131.<\/p>\n<p>Diallo , &quot; Fransa olarak T\u00fcrkiye&#x27;ye kar\u015f\u0131 evimizde oynayaca\u011f\u0131m\u0131z zaman trib\u00fcnde bir\u00e7ok T\u00fcrk taraftar yer alacak. Kendimizi tamamen evimizde hissedip hissetmeyece\u011fimizden emin de\u011filim. T\u00fcrkiye Futbol Federasyonu ile iyi ili\u015fkilerimiz var. O y\u00fczden ma\u00e7lar 90 dakika boyunca dostluk i\u00e7inde oynanacakt\u0131r.&quot; de\u011ferlendirmesinde bulundu.<\/p>\n<p>T\u00fcrkiye&#x27;den ve D\u00fcnya\u2019dan son dakika haberleri, k\u00f6\u015fe yaz\u0131lar\u0131, magazinden siyasete, spordan seyahate b\u00fct\u00fcn konular\u0131n tek adresi Hurriyet.com.tr haber i\u00e7erikleri izin al\u0131nmadan, kaynak g\u00f6sterilerek dahi iktibas edilemez. Kanuna ayk\u0131r\u0131 ve izinsiz olarak kopyalanamaz, ba\u015fka yerde yay\u0131nlanamaz.<\/p>\n","protected":false},"excerpt":{"rendered":"<p>Fransa Futbol Federasyonu (FFF) Ba\u015fkan\u0131 Philippe Diallo, UEFA Uluslar A Ligi&#8217;nde T\u00fcrkiye, \u0130talya ve Bel\u00e7ika ile e\u015fle\u015fmelerinin ard\u0131ndan, \u00c7ok iyi tak\u0131mlara&#8230;<\/p>\n","protected":false},"author":2,"featured_media":1706,"comment_status":"open","ping_status":"open","sticky":false,"template":"","format":"standard","meta":{"footnotes":""},"categories":[8,5,7],"tags":[],"class_list":["post-1707","post","type-post","status-publish","format-standard","has-post-thumbnail","hentry","category-arsiv","category-son-dakika","category-spor"],"_links":{"self":[{"href":"https:\/\/eskigazeteci.com\/index.php?rest_route=\/wp\/v2\/posts\/1707","targetHints":{"allow":["GET"]}}],"collection":[{"href":"https:\/\/eskigazeteci.com\/index.php?rest_route=\/wp\/v2\/posts"}],"about":[{"href":"https:\/\/eskigazeteci.com\/index.php?rest_route=\/wp\/v2\/types\/post"}],"author":[{"embeddable":true,"href":"https:\/\/eskigazeteci.com\/index.php?rest_route=\/wp\/v2\/users\/2"}],"replies":[{"embeddable":true,"href":"https:\/\/eskigazeteci.com\/index.php?rest_route=%2Fwp%2Fv2%2Fcomments&post=1707"}],"version-history":[{"count":0,"href":"https:\/\/eskigazeteci.com\/index.php?rest_route=\/wp\/v2\/posts\/1707\/revisions"}],"wp:featuredmedia":[{"embeddable":true,"href":"https:\/\/eskigazeteci.com\/index.php?rest_route=\/wp\/v2\/media\/1706"}],"wp:attachment":[{"href":"https:\/\/eskigazeteci.com\/index.php?rest_route=%2Fwp%2Fv2%2Fmedia&parent=1707"}],"wp:term":[{"taxonomy":"category","embeddable":true,"href":"https:\/\/eskigazeteci.com\/index.php?rest_route=%2Fwp%2Fv2%2Fcategories&post=1707"},{"taxonomy":"post_tag","embeddable":true,"href":"https:\/\/eskigazeteci.com\/index.php?rest_route=%2Fwp%2Fv2%2Ftags&post=1707"}],"curies":[{"name":"wp","href":"https:\/\/api.w.org\/{rel}","templated":true}]}}