{"id":1705,"date":"2026-02-12T19:29:42","date_gmt":"2026-02-12T19:29:42","guid":{"rendered":"https:\/\/eskigazeteci.com\/?p=1705"},"modified":"2026-02-12T19:29:42","modified_gmt":"2026-02-12T19:29:42","slug":"msb-duyurdu-izmir-aciklarinda-batan-gocmen-botundaki-2-kisi-kurtarildi","status":"publish","type":"post","link":"https:\/\/eskigazeteci.com\/?p=1705","title":{"rendered":"MSB duyurdu: \u0130zmir a\u00e7\u0131klar\u0131nda batan g\u00f6\u00e7men botundaki 2 ki\u015fi kurtar\u0131ld\u0131"},"content":{"rendered":"<p>Milli Savunma Bakanl\u0131\u011f\u0131 (MSB) taraf\u0131ndan sanal medyada yap\u0131lan payla\u015f\u0131mda, \u201cFo\u00e7a ve Karaburun aras\u0131nda batt\u0131\u011f\u0131 bildirilen g\u00f6\u00e7men botu i\u00e7in Hava Kuvvetleri Komutanl\u0131\u011f\u0131m\u0131za ba\u011fl\u0131 helikopterimiz b\u00f6lgeye intikal ettirildi. \u015eiddetli r\u00fczg\u00e2r, sa\u011fanak ya\u011f\u0131\u015f ve y\u00fcksek dalgal\u0131 denize ra\u011fmen, denizden kurtar\u0131lan iki kazazede Ege \u00dcniversitesi Hastanesi acil ekiplerine teslim edilerek g\u00f6rev ba\u015far\u0131yla tamamland\u0131\u201d ifadeleri kullan\u0131ld\u0131.<\/p>\n<p>\ud83d\uddd3\ufe0f12 \u015eubat 2026 Fo\u00e7a ve Karaburun aras\u0131nda batt\u0131\u011f\u0131 bildirilen g\u00f6\u00e7men botu i\u00e7in Hava Kuvvetleri Komutanl\u0131\u011f\u0131m\u0131za ba\u011fl\u0131 helikopterimiz b\u00f6lgeye intikal ettirildi. \u015eiddetli r\u00fczg\u00e2r, sa\u011fanak ya\u011f\u0131\u015f ve y\u00fcksek dalgal\u0131 denize ra\u011fmen, denizden kurtar\u0131lan iki kazazede Ege \u00dcniversitesi\u2026 pic.twitter.com\/LYI0sibedx \u2014 T.C. Mill\u00ee Savunma Bakanl\u0131\u011f\u0131 (@tcsavunma) February 12, 2026<\/p>\n<p>\ud83d\uddd3\ufe0f12 \u015eubat 2026 Fo\u00e7a ve Karaburun aras\u0131nda batt\u0131\u011f\u0131 bildirilen g\u00f6\u00e7men botu i\u00e7in Hava Kuvvetleri Komutanl\u0131\u011f\u0131m\u0131za ba\u011fl\u0131 helikopterimiz b\u00f6lgeye intikal ettirildi. \u015eiddetli r\u00fczg\u00e2r, sa\u011fanak ya\u011f\u0131\u015f ve y\u00fcksek dalgal\u0131 denize ra\u011fmen, denizden kurtar\u0131lan iki kazazede Ege \u00dcniversitesi\u2026 pic.twitter.com\/LYI0sibedx<\/p>\n<p>T\u00fcrkiye g\u00fcndeminden son dakika haberleri, bug\u00fcn ya\u015fanan en son geli\u015fmeler, siyaset g\u00fcndeminden g\u00fcncel&#8230;<\/p>\n","protected":false},"excerpt":{"rendered":"<p>Milli Savunma Bakanl\u0131\u011f\u0131 (MSB), Hava Kuvvetleri Komutanl\u0131\u011f\u0131nca \u0130zmir\u2019de Fo\u00e7a ve Karaburun aras\u0131nda batt\u0131\u011f\u0131 bildirilen g\u00f6\u00e7men botundaki 2 kazazedenin&#8230;<\/p>\n","protected":false},"author":2,"featured_media":1704,"comment_status":"open","ping_status":"open","sticky":false,"template":"","format":"standard","meta":{"footnotes":""},"categories":[8,6,5],"tags":[],"class_list":["post-1705","post","type-post","status-publish","format-standard","has-post-thumbnail","hentry","category-arsiv","category-gundem","category-son-dakika"],"_links":{"self":[{"href":"https:\/\/eskigazeteci.com\/index.php?rest_route=\/wp\/v2\/posts\/1705","targetHints":{"allow":["GET"]}}],"collection":[{"href":"https:\/\/eskigazeteci.com\/index.php?rest_route=\/wp\/v2\/posts"}],"about":[{"href":"https:\/\/eskigazeteci.com\/index.php?rest_route=\/wp\/v2\/types\/post"}],"author":[{"embeddable":true,"href":"https:\/\/eskigazeteci.com\/index.php?rest_route=\/wp\/v2\/users\/2"}],"replies":[{"embeddable":true,"href":"https:\/\/eskigazeteci.com\/index.php?rest_route=%2Fwp%2Fv2%2Fcomments&post=1705"}],"version-history":[{"count":0,"href":"https:\/\/eskigazeteci.com\/index.php?rest_route=\/wp\/v2\/posts\/1705\/revisions"}],"wp:featuredmedia":[{"embeddable":true,"href":"https:\/\/eskigazeteci.com\/index.php?rest_route=\/wp\/v2\/media\/1704"}],"wp:attachment":[{"href":"https:\/\/eskigazeteci.com\/index.php?rest_route=%2Fwp%2Fv2%2Fmedia&parent=1705"}],"wp:term":[{"taxonomy":"category","embeddable":true,"href":"https:\/\/eskigazeteci.com\/index.php?rest_route=%2Fwp%2Fv2%2Fcategories&post=1705"},{"taxonomy":"post_tag","embeddable":true,"href":"https:\/\/eskigazeteci.com\/index.php?rest_route=%2Fwp%2Fv2%2Ftags&post=1705"}],"curies":[{"name":"wp","href":"https:\/\/api.w.org\/{rel}","templated":true}]}}