{"id":1701,"date":"2026-02-12T19:26:37","date_gmt":"2026-02-12T19:26:37","guid":{"rendered":"https:\/\/eskigazeteci.com\/?p=1701"},"modified":"2026-02-12T19:26:37","modified_gmt":"2026-02-12T19:26:37","slug":"vincenzo-montelladan-kura-yorumu-ilginc-bir-grup-bizim-icin-onemli","status":"publish","type":"post","link":"https:\/\/eskigazeteci.com\/?p=1701","title":{"rendered":"Vincenzo Montella&#8217;dan kura yorumu: &#8216;\u0130lgin\u00e7 bir grup, bizim i\u00e7in \u00f6nemli&#8217;"},"content":{"rendered":"<p>Bel\u00e7ika&#x27;n\u0131n ba\u015fkenti Br\u00fcksel&#x27;de ger\u00e7ekle\u015ftirilen kura \u00e7ekiminden sonra konu\u015fan A Milli Tak\u0131m Teknik Direkt\u00f6r\u00fc Vincenzo Montella , &quot;\u0130lgin\u00e7 bir grup. Avrupa&#x27;n\u0131n en iyi birka\u00e7 tak\u0131m\u0131yla ayn\u0131 gruptay\u0131z. Onlara kar\u015f\u0131 oynamak ve bu seviyede olmak \u00f6nemli. \u0130ki y\u0131ld\u0131r yapt\u0131\u011f\u0131m\u0131z \u00f6nemli at\u0131l\u0131mlar var. Alttan gelerek buraya ula\u015ft\u0131k. Burada olmak istiyoruz. Ama \u015fuan oda\u011f\u0131m\u0131z mart ay\u0131ndaki ma\u00e7lar\u0131m\u0131z olacak.&quot; de\u011ferlendirmesinde bulundu.<\/p>\n<p>\u00dclkesi \u0130talya&#x27;n\u0131n da grupta yer almas\u0131 hakk\u0131nda Montella , &quot;Elbette \u00f6zel olacak. \u0130talya&#x27;ya kar\u015f\u0131 ge\u00e7en y\u0131l Bologna&#x27;da dostluk ma\u00e7\u0131 oynam\u0131\u015ft\u0131k. Bu sefer daha \u00f6nemli bir hedef do\u011frultusunda kar\u015f\u0131la\u015faca\u011f\u0131z. Bakal\u0131m ne olacak? \u0130talya&#x27;ya kar\u015f\u0131 oynayacak olmaktan dolay\u0131 heyecanl\u0131y\u0131m.&quot; diye konu\u015ftu.<\/p>\n<p>2026 FIFA D\u00fcnya Kupas\u0131 Avrupa Elemeleri play-off etab\u0131nda mart ay\u0131nda oynanacak ma\u00e7lar hakk\u0131nda ise Montella , &quot;Herkes mart ay\u0131ndaki play-off ma\u00e7lar\u0131n\u0131 d\u00fc\u015f\u00fcn\u00fcyor. Bizim i\u00e7in \u00e7ok \u00f6nemli. Kul\u00fcpleri ziyaret ediyorum, oyuncular\u0131 ve ma\u00e7lar\u0131n\u0131 izliyorum. Futbolcularla en son kas\u0131m ay\u0131nda birlikte olmu\u015ftuk. Mart ay\u0131na kadar ge\u00e7en s\u00fcre \u00f6nemli bir ara ve takiplerimizi yapmam\u0131z gerekiyor. O y\u00fczden oyuncular\u0131n performans\u0131n\u0131 izliyoruz. Odak noktam\u0131z, play-off ma\u00e7lar\u0131 olacak.&quot;&#8230;<\/p>\n","protected":false},"excerpt":{"rendered":"<p>A Milli Futbol Tak\u0131m Teknik Direkt\u00f6r\u00fc Vincenzo Montella, T\u00fcrkiye&#8217;nin UEFA Uluslar A Ligi&#8217;nde Fransa, \u0130talya ve Bel\u00e7ika ile e\u015fle\u015fmesinin ard\u0131ndan, \u0130lgin\u00e7 bir&#8230;<\/p>\n","protected":false},"author":2,"featured_media":1700,"comment_status":"open","ping_status":"open","sticky":false,"template":"","format":"standard","meta":{"footnotes":""},"categories":[8,5,7],"tags":[],"class_list":["post-1701","post","type-post","status-publish","format-standard","has-post-thumbnail","hentry","category-arsiv","category-son-dakika","category-spor"],"_links":{"self":[{"href":"https:\/\/eskigazeteci.com\/index.php?rest_route=\/wp\/v2\/posts\/1701","targetHints":{"allow":["GET"]}}],"collection":[{"href":"https:\/\/eskigazeteci.com\/index.php?rest_route=\/wp\/v2\/posts"}],"about":[{"href":"https:\/\/eskigazeteci.com\/index.php?rest_route=\/wp\/v2\/types\/post"}],"author":[{"embeddable":true,"href":"https:\/\/eskigazeteci.com\/index.php?rest_route=\/wp\/v2\/users\/2"}],"replies":[{"embeddable":true,"href":"https:\/\/eskigazeteci.com\/index.php?rest_route=%2Fwp%2Fv2%2Fcomments&post=1701"}],"version-history":[{"count":0,"href":"https:\/\/eskigazeteci.com\/index.php?rest_route=\/wp\/v2\/posts\/1701\/revisions"}],"wp:featuredmedia":[{"embeddable":true,"href":"https:\/\/eskigazeteci.com\/index.php?rest_route=\/wp\/v2\/media\/1700"}],"wp:attachment":[{"href":"https:\/\/eskigazeteci.com\/index.php?rest_route=%2Fwp%2Fv2%2Fmedia&parent=1701"}],"wp:term":[{"taxonomy":"category","embeddable":true,"href":"https:\/\/eskigazeteci.com\/index.php?rest_route=%2Fwp%2Fv2%2Fcategories&post=1701"},{"taxonomy":"post_tag","embeddable":true,"href":"https:\/\/eskigazeteci.com\/index.php?rest_route=%2Fwp%2Fv2%2Ftags&post=1701"}],"curies":[{"name":"wp","href":"https:\/\/api.w.org\/{rel}","templated":true}]}}