{"id":1699,"date":"2026-02-12T19:06:36","date_gmt":"2026-02-12T19:06:36","guid":{"rendered":"https:\/\/eskigazeteci.com\/?p=1699"},"modified":"2026-02-12T19:06:36","modified_gmt":"2026-02-12T19:06:36","slug":"bakan-kurum-turkiyenin-cop31-yaklasimi-nettir-duraganlik-degil-aksiyon","status":"publish","type":"post","link":"https:\/\/eskigazeteci.com\/?p=1699","title":{"rendered":"Bakan Kurum: T\u00fcrkiye\u2019nin &#8216;COP31&#8217; yakla\u015f\u0131m\u0131 nettir, dura\u011fanl\u0131k de\u011fil aksiyon"},"content":{"rendered":"<p>Birle\u015fmi\u015f Milletler \u0130klim De\u011fi\u015fikli\u011fi \u00c7er\u00e7eve S\u00f6zle\u015fmesi&#x27;nin (UNFCCC) 31&#x27;inci Taraflar Konferans\u0131 (COP31) Be\u015fikta\u015f &#x27;ta bir otelde d\u00fczenlendi. Konferansa \u00c7evre \u015eehircilik ve \u0130klim De\u011fi\u015fikli\u011fi Bakan\u0131 Murat Kurum, COP30 Ba\u015fkan\u0131 Andre Aranha Correa do Lago, Birle\u015fmi\u015f Milletler \u0130klim De\u011fi\u015fikli\u011fi \u00c7er\u00e7evesi \u0130cra Sekreteri Simon Stiell ile yurt d\u0131\u015f\u0131ndan gelen temsilciler ve davetliler kat\u0131ld\u0131. Konferansta tan\u0131t\u0131m filminin yay\u0131nlanmas\u0131n\u0131n ard\u0131ndan temsilciler taraf\u0131ndan ortak bas\u0131n toplant\u0131s\u0131 d\u00fczenlendi.<\/p>\n<p>&#x27;COP TOPLANTILARI \u00c7OK KR\u0130T\u0130K VE KIYMETL\u0130D\u0130R&#x27;<\/p>\n<p>Konferansta konu\u015fan \u00c7evre \u015eehircilik ve \u0130klim De\u011fi\u015fikli\u011fi Bakan\u0131 Murat Kurum , &quot;COP toplant\u0131lar\u0131 \u00e7ok kritik ve k\u0131ymetlidir; \u00e7\u00fcnk\u00fc d\u00fcnyam\u0131z; iklim krizinin y\u0131k\u0131c\u0131 etkilerini her g\u00fcn daha sert \u015fekilde ya\u015famaktad\u0131r. Dahas\u0131, iklim de\u011fi\u015fikli\u011fi, sadece bir \u00e7evre krizi de\u011fil; ticaretten ula\u015f\u0131ma, sanayiden g\u0131daya, enerjiden e\u011fitime kadar insan ya\u015fam\u0131na dair her alan\u0131 etkileyen bir varl\u0131k-yokluk meselesi haline gelmi\u015ftir. \u0130\u015fte d\u00fcnyan\u0131n i\u00e7inde bulundu\u011fu bu kriz d\u00f6neminde T\u00fcrkiye; engin tarihi birikimi, iklim krizine dair att\u0131\u011f\u0131 somut ad\u0131mlar ve k\u00fcresel adalete duydu\u011fu inan\u00e7la; COP31&#x27;e Antalya&#x27;m\u0131zda ev sahipli\u011fi yapacakt\u0131r. Hakikaten son 3 ayd\u0131r; 9-20&#8230;<\/p>\n","protected":false},"excerpt":{"rendered":"<p>Be\u015fikta\u015f&#8217;ta \u0130klim De\u011fi\u015fikli\u011fi \u00c7er\u00e7eve S\u00f6zle\u015fmesi&#8217;nin 31&#8217;inci Taraflar Konferans\u0131&#8217;nda (COP31) konu\u015fan \u00c7evre \u015eehircilik ve \u0130klim De\u011fi\u015fikli\u011fi Bakan\u0131 Murat&#8230;<\/p>\n","protected":false},"author":2,"featured_media":1698,"comment_status":"open","ping_status":"open","sticky":false,"template":"","format":"standard","meta":{"footnotes":""},"categories":[8,6,5],"tags":[],"class_list":["post-1699","post","type-post","status-publish","format-standard","has-post-thumbnail","hentry","category-arsiv","category-gundem","category-son-dakika"],"_links":{"self":[{"href":"https:\/\/eskigazeteci.com\/index.php?rest_route=\/wp\/v2\/posts\/1699","targetHints":{"allow":["GET"]}}],"collection":[{"href":"https:\/\/eskigazeteci.com\/index.php?rest_route=\/wp\/v2\/posts"}],"about":[{"href":"https:\/\/eskigazeteci.com\/index.php?rest_route=\/wp\/v2\/types\/post"}],"author":[{"embeddable":true,"href":"https:\/\/eskigazeteci.com\/index.php?rest_route=\/wp\/v2\/users\/2"}],"replies":[{"embeddable":true,"href":"https:\/\/eskigazeteci.com\/index.php?rest_route=%2Fwp%2Fv2%2Fcomments&post=1699"}],"version-history":[{"count":0,"href":"https:\/\/eskigazeteci.com\/index.php?rest_route=\/wp\/v2\/posts\/1699\/revisions"}],"wp:featuredmedia":[{"embeddable":true,"href":"https:\/\/eskigazeteci.com\/index.php?rest_route=\/wp\/v2\/media\/1698"}],"wp:attachment":[{"href":"https:\/\/eskigazeteci.com\/index.php?rest_route=%2Fwp%2Fv2%2Fmedia&parent=1699"}],"wp:term":[{"taxonomy":"category","embeddable":true,"href":"https:\/\/eskigazeteci.com\/index.php?rest_route=%2Fwp%2Fv2%2Fcategories&post=1699"},{"taxonomy":"post_tag","embeddable":true,"href":"https:\/\/eskigazeteci.com\/index.php?rest_route=%2Fwp%2Fv2%2Ftags&post=1699"}],"curies":[{"name":"wp","href":"https:\/\/api.w.org\/{rel}","templated":true}]}}