{"id":1697,"date":"2026-02-12T18:56:37","date_gmt":"2026-02-12T18:56:37","guid":{"rendered":"https:\/\/eskigazeteci.com\/?p=1697"},"modified":"2026-02-12T18:56:37","modified_gmt":"2026-02-12T18:56:37","slug":"cuma-mesajlari-2026-yeni-resimli-en-guzel-cuma-aksami-sozleri-tikla-ucretsiz-indir-paylas","status":"publish","type":"post","link":"https:\/\/eskigazeteci.com\/?p=1697","title":{"rendered":"CUMA MESAJLARI 2026 YEN\u0130 RES\u0130ML\u0130 &#8211; EN G\u00dcZEL CUMA AK\u015eAMI S\u00d6ZLER\u0130 (T\u0131kla \u00fccretsiz indir &#8211; payla\u015f)"},"content":{"rendered":"<p>Hay\u0131rl\u0131 Cumalar&#8230; En g\u00fczel, yeni, cuma mesajlar\u0131 per\u015fembe ak\u015fam\u0131ndan cuma g\u00fcn\u00fc tebriklerinde yer almaya ba\u015flad\u0131. \u0130slam aleminde haftal\u0131k toplu ibadetin yap\u0131ld\u0131\u011f\u0131 m\u00fcbarek cuma g\u00fcn\u00fc ibadetler ile eda edilecek. K\u0131sa, yaz\u0131l\u0131, hareketli cuma mesajlar\u0131 resimli 2026 y\u0131l\u0131na \u00f6zel \u00f6rnekler cuma g\u00fcn\u00fcn\u00fcn anlam\u0131na vurgu yap\u0131yor. M\u00fcminlerin manevi huzur ve heyecanla bekledi\u011fi bu m\u00fcbarek g\u00fcnde bu hafta da anlaml\u0131 ve en g\u00fczel cuma mesajlar\u0131, karde\u015flik ba\u011flar\u0131n\u0131n kuvvetlenmesine, sevgi ikliminin yay\u0131lmas\u0131na vesile oluyor. Anneye, babaya, arkada\u015fa, patrona, arkada\u015fa anlaml\u0131 cuma mesajlar\u0131n\u0131 iletmek istiyorsan\u0131z, farkl\u0131, de\u011fi\u015fik, yaz\u0131l\u0131, anlaml\u0131, yeni cuma mesajlar\u0131n\u0131 haberimizde bulabilirsiniz. \u0130\u015fte, hem g\u00f6rsel hem yaz\u0131l\u0131 se\u00e7eneklerin yer ald\u0131\u011f\u0131 yeni, k\u0131sa, uzun, de\u011fi\u015fik cuma s\u00f6zleri ve cuma ak\u015fam\u0131 mesajlar\u0131ndan alternatifler.<\/p>\n<p>&quot;Cuma\u2019n\u0131n nuru kalbine dolsun, her duan g\u00f6ky\u00fcz\u00fcnde bir y\u0131ld\u0131z gibi parlas\u0131n. Hay\u0131rl\u0131 Cumalar!&quot; &quot;Bu Cuma, g\u00f6nl\u00fcn bahar dallar\u0131yla \u00e7i\u00e7eklensin, her ad\u0131m\u0131n huzura yol als\u0131n. G\u00fcn\u00fcn m\u00fcbarek olsun!&quot; &quot;Cuma\u2019n\u0131n s\u00fck\u00fbneti ruhunu sars\u0131n, dualar\u0131n g\u00f6klerin en g\u00fczel kap\u0131lar\u0131nda bulu\u015fsun. Hay\u0131rl\u0131 Cumalar!&quot; &quot;Cuma ile g\u00f6nl\u00fcne bir bahar gelsin, her nefeste umut, her bak\u0131\u015fta sevgi ye\u015fersin&#8230;.<\/p>\n","protected":false},"excerpt":{"rendered":"<p>Resimli cuma mesajlar\u0131 ayetli, k\u0131sa ve anlaml\u0131 2026 y\u0131l\u0131 se\u00e7enekleri, m\u00fcminler taraf\u0131ndan yo\u011fun ilgi g\u00f6r\u00fcyor. &#8216;Hay\u0131rl\u0131 Cumalar&#8217; yada &#8216;Cuman\u0131z M\u00fcbarek Olsun&#8217;&#8230;<\/p>\n","protected":false},"author":2,"featured_media":1696,"comment_status":"open","ping_status":"open","sticky":false,"template":"","format":"standard","meta":{"footnotes":""},"categories":[8,6,5],"tags":[],"class_list":["post-1697","post","type-post","status-publish","format-standard","has-post-thumbnail","hentry","category-arsiv","category-gundem","category-son-dakika"],"_links":{"self":[{"href":"https:\/\/eskigazeteci.com\/index.php?rest_route=\/wp\/v2\/posts\/1697","targetHints":{"allow":["GET"]}}],"collection":[{"href":"https:\/\/eskigazeteci.com\/index.php?rest_route=\/wp\/v2\/posts"}],"about":[{"href":"https:\/\/eskigazeteci.com\/index.php?rest_route=\/wp\/v2\/types\/post"}],"author":[{"embeddable":true,"href":"https:\/\/eskigazeteci.com\/index.php?rest_route=\/wp\/v2\/users\/2"}],"replies":[{"embeddable":true,"href":"https:\/\/eskigazeteci.com\/index.php?rest_route=%2Fwp%2Fv2%2Fcomments&post=1697"}],"version-history":[{"count":0,"href":"https:\/\/eskigazeteci.com\/index.php?rest_route=\/wp\/v2\/posts\/1697\/revisions"}],"wp:featuredmedia":[{"embeddable":true,"href":"https:\/\/eskigazeteci.com\/index.php?rest_route=\/wp\/v2\/media\/1696"}],"wp:attachment":[{"href":"https:\/\/eskigazeteci.com\/index.php?rest_route=%2Fwp%2Fv2%2Fmedia&parent=1697"}],"wp:term":[{"taxonomy":"category","embeddable":true,"href":"https:\/\/eskigazeteci.com\/index.php?rest_route=%2Fwp%2Fv2%2Fcategories&post=1697"},{"taxonomy":"post_tag","embeddable":true,"href":"https:\/\/eskigazeteci.com\/index.php?rest_route=%2Fwp%2Fv2%2Ftags&post=1697"}],"curies":[{"name":"wp","href":"https:\/\/api.w.org\/{rel}","templated":true}]}}