{"id":1691,"date":"2026-02-12T18:18:07","date_gmt":"2026-02-12T18:18:07","guid":{"rendered":"https:\/\/eskigazeteci.com\/?p=1691"},"modified":"2026-02-12T18:18:07","modified_gmt":"2026-02-12T18:18:07","slug":"aziz-ihsan-aktas-davasinda-durusma-17-subata-ertelendi","status":"publish","type":"post","link":"https:\/\/eskigazeteci.com\/?p=1691","title":{"rendered":"&#8216;Aziz \u0130hsan Akta\u015f&#8217; davas\u0131nda duru\u015fma 17 \u015eubat&#8217;a ertelendi"},"content":{"rendered":"<p>Aziz \u0130hsan Akta\u015f su\u00e7 \u00f6rg\u00fct\u00fc&#x27; soru\u015fturmas\u0131 kapsam\u0131nda, 7\u2019si belediye ba\u015fkan\u0131 olmak \u00fczere toplam 200 san\u0131\u011f\u0131n yarg\u0131land\u0131\u011f\u0131 davada 33 san\u0131k tutuklu bulunuyor.<\/p>\n<p>Duru\u015fma, \u00fc\u00e7\u00fcnc\u00fc haftas\u0131nda \u0130stanbul 1. A\u011f\u0131r Ceza Mahkemesi salonunun yetersiz kalmas\u0131 nedeniyle Marmara Kapal\u0131 Ceza \u0130nfaz Kurumu\u2019nun kar\u015f\u0131s\u0131ndaki 1 numaral\u0131 salonda g\u00f6r\u00fcl\u00fcyor.<\/p>\n<p>Duru\u015fmada, tutuklanmalar\u0131n\u0131n ard\u0131ndan g\u00f6revlerinden uzakla\u015ft\u0131r\u0131lan Avc\u0131lar Belediye Ba\u015fkan\u0131 Utku Caner \u00c7aykara, Seyhan Belediye Ba\u015fkan\u0131 Oya Tekin, Ceyhan Belediye Ba\u015fkan\u0131 Kadir Aydar, Be\u015fikta\u015f Belediye Ba\u015fkan\u0131 R\u0131za Akpolat\u2019\u0131n da aralar\u0131nda bulundu\u011fu tutuklu ve tutuksuz san\u0131klar ile taraf avukatlar\u0131 haz\u0131r bulundu. Daha \u00f6nceki duru\u015fmalarda Oya Tekin, Zeydan Karalar ve Utku Caner \u00c7aykara\u2019n\u0131n da aralar\u0131nda bulundu\u011fu baz\u0131 tutuklu san\u0131klar\u0131n savunmalar\u0131 al\u0131nd\u0131. Silivri\u2019deki Marmara Ceza \u0130nfaz Kurumlar\u0131 yerle\u015fkesinde g\u00f6r\u00fclen duru\u015fmada aralar\u0131nda Zeydan Karalar\u2019\u0131n da bulundu\u011fu 9 san\u0131k tahliye edildi.<\/p>\n<p>Duru\u015fman\u0131n 11&#x27;inci g\u00fcn\u00fc tutuksuz san\u0131klar\u0131n savunmalar\u0131 ile sona erdi.<\/p>\n<p>DURU\u015eMA ERTELEND\u0130<\/p>\n<p>Duru\u015fma tutuksuz san\u0131klar\u0131n savunmalar\u0131na devam edilmesi i\u00e7in 17 \u015eubat Sal\u0131 g\u00fcn\u00fc saat 10.00&#x27;a ertelendi.<\/p>\n<p>T\u00fcrkiye g\u00fcndeminden son dakika haberleri, bug\u00fcn ya\u015fanan en son&#8230;<\/p>\n","protected":false},"excerpt":{"rendered":"<p>Belediye ba\u015fkanlar\u0131na r\u00fc\u015fvet vererek ihale s\u00fcre\u00e7lerini organize etti\u011fi iddia edilen ve liderli\u011fini Aziz \u0130hsan Akta\u015f&#8217;\u0131n yapt\u0131\u011f\u0131 \u00f6ne s\u00fcr\u00fclen &#8216;Aziz \u0130hsan Akta\u015f&#8230;<\/p>\n","protected":false},"author":2,"featured_media":1690,"comment_status":"open","ping_status":"open","sticky":false,"template":"","format":"standard","meta":{"footnotes":""},"categories":[8,6,5],"tags":[],"class_list":["post-1691","post","type-post","status-publish","format-standard","has-post-thumbnail","hentry","category-arsiv","category-gundem","category-son-dakika"],"_links":{"self":[{"href":"https:\/\/eskigazeteci.com\/index.php?rest_route=\/wp\/v2\/posts\/1691","targetHints":{"allow":["GET"]}}],"collection":[{"href":"https:\/\/eskigazeteci.com\/index.php?rest_route=\/wp\/v2\/posts"}],"about":[{"href":"https:\/\/eskigazeteci.com\/index.php?rest_route=\/wp\/v2\/types\/post"}],"author":[{"embeddable":true,"href":"https:\/\/eskigazeteci.com\/index.php?rest_route=\/wp\/v2\/users\/2"}],"replies":[{"embeddable":true,"href":"https:\/\/eskigazeteci.com\/index.php?rest_route=%2Fwp%2Fv2%2Fcomments&post=1691"}],"version-history":[{"count":0,"href":"https:\/\/eskigazeteci.com\/index.php?rest_route=\/wp\/v2\/posts\/1691\/revisions"}],"wp:featuredmedia":[{"embeddable":true,"href":"https:\/\/eskigazeteci.com\/index.php?rest_route=\/wp\/v2\/media\/1690"}],"wp:attachment":[{"href":"https:\/\/eskigazeteci.com\/index.php?rest_route=%2Fwp%2Fv2%2Fmedia&parent=1691"}],"wp:term":[{"taxonomy":"category","embeddable":true,"href":"https:\/\/eskigazeteci.com\/index.php?rest_route=%2Fwp%2Fv2%2Fcategories&post=1691"},{"taxonomy":"post_tag","embeddable":true,"href":"https:\/\/eskigazeteci.com\/index.php?rest_route=%2Fwp%2Fv2%2Ftags&post=1691"}],"curies":[{"name":"wp","href":"https:\/\/api.w.org\/{rel}","templated":true}]}}