{"id":1689,"date":"2026-02-12T18:16:36","date_gmt":"2026-02-12T18:16:36","guid":{"rendered":"https:\/\/eskigazeteci.com\/?p=1689"},"modified":"2026-02-12T18:16:36","modified_gmt":"2026-02-12T18:16:36","slug":"taksi-ve-minibus-indi-bindi-ucretleri-2026-subat","status":"publish","type":"post","link":"https:\/\/eskigazeteci.com\/?p=1689","title":{"rendered":"TAKS\u0130 VE M\u0130N\u0130B\u00dcS \u0130ND\u0130 B\u0130ND\u0130 \u00dcCRETLER\u0130 2026 \u015eUBAT"},"content":{"rendered":"<p>Minib\u00fcs indi bindi \u00fccretleri 2026 \u015eubat ay\u0131 i\u00e7in zam geldi. \u0130BB Meclisi&#x27;nde toplu ta\u015f\u0131ma ara\u00e7lar\u0131na zam gelmesiyle ilgili teklif kabul edildi. Teklifin kabul edilmesinin ard\u0131ndan &quot;Minib\u00fcs indi bindi \u00fccreti ne kadar ka\u00e7 TL oldu?&quot; sorusunun cevab\u0131 vatanda\u015flar\u0131n da g\u00fcndemine geldi. En son 2025 Eyl\u00fcl ay\u0131nda \u0130stanbul&#x27;da toplu ta\u015f\u0131ma ara\u00e7lar\u0131na zam yap\u0131lm\u0131\u015ft\u0131. Peki, \u0130stanbul&#x27;da taksi \u00fccreti ne kadar oldu? Minib\u00fcs indi bindi ne kadar, ka\u00e7 TL? \u0130\u015fte, detaylar.<\/p>\n<p>Minib\u00fcslerde \u2018indi-bindi\u2019 olarak bilinen en k\u0131sa mesafe \u00fccreti 39 liraya \u00e7\u0131kar\u0131ld\u0131. Buna g\u00f6re; 4 kilometreye kadar olan mesafelerde 39 lira, 4\u20137 kilometre aras\u0131 41 lira, 7\u201311 kilometre aras\u0131 42 lira, 11\u201315 kilometre aras\u0131 43 lira, 15-20 kilometre aras\u0131 ise 47 lira olarak uygulanacak. Minib\u00fcslerde \u00f6\u011frenci \u00fccreti ise 25 lira oldu.<\/p>\n<p>Kararla birlikte taksilerde taksimetre a\u00e7\u0131l\u0131\u015f \u00fccreti 65,40 liraya, kilometre ba\u015f\u0131na \u00fccret 43,56 liraya y\u00fckseldi. Zaman tarifesi saatlik 544,45 lira olarak belirlenirken, k\u0131sa mesafe \u00fccreti ise 210 lira oldu.<\/p>\n<p>Zam tarifesinin 16 \u015eubat\u2019tan itibaren ge\u00e7erli olaca\u011f\u0131 belirtildi.<\/p>\n<p>T\u00fcrkiye&#x27;den ve D\u00fcnya\u2019dan son dakika haberleri, k\u00f6\u015fe yaz\u0131lar\u0131, magazinden siyasete, spordan seyahate b\u00fct\u00fcn konular\u0131n tek adresi&#8230;<\/p>\n","protected":false},"excerpt":{"rendered":"<p>\u0130stanbul minib\u00fcs \u00fccreti ve taksi taksimetre a\u00e7\u0131l\u0131\u015f \u00fccreti son dakika \u0130BB karar\u0131 ile de\u011fi\u015fti. \u0130stanbul B\u00fcy\u00fck\u015fehir Belediyesi (\u0130BB) Meclisi karar\u0131 ile&#8230;<\/p>\n","protected":false},"author":2,"featured_media":1688,"comment_status":"open","ping_status":"open","sticky":false,"template":"","format":"standard","meta":{"footnotes":""},"categories":[8,6,5],"tags":[],"class_list":["post-1689","post","type-post","status-publish","format-standard","has-post-thumbnail","hentry","category-arsiv","category-gundem","category-son-dakika"],"_links":{"self":[{"href":"https:\/\/eskigazeteci.com\/index.php?rest_route=\/wp\/v2\/posts\/1689","targetHints":{"allow":["GET"]}}],"collection":[{"href":"https:\/\/eskigazeteci.com\/index.php?rest_route=\/wp\/v2\/posts"}],"about":[{"href":"https:\/\/eskigazeteci.com\/index.php?rest_route=\/wp\/v2\/types\/post"}],"author":[{"embeddable":true,"href":"https:\/\/eskigazeteci.com\/index.php?rest_route=\/wp\/v2\/users\/2"}],"replies":[{"embeddable":true,"href":"https:\/\/eskigazeteci.com\/index.php?rest_route=%2Fwp%2Fv2%2Fcomments&post=1689"}],"version-history":[{"count":0,"href":"https:\/\/eskigazeteci.com\/index.php?rest_route=\/wp\/v2\/posts\/1689\/revisions"}],"wp:featuredmedia":[{"embeddable":true,"href":"https:\/\/eskigazeteci.com\/index.php?rest_route=\/wp\/v2\/media\/1688"}],"wp:attachment":[{"href":"https:\/\/eskigazeteci.com\/index.php?rest_route=%2Fwp%2Fv2%2Fmedia&parent=1689"}],"wp:term":[{"taxonomy":"category","embeddable":true,"href":"https:\/\/eskigazeteci.com\/index.php?rest_route=%2Fwp%2Fv2%2Fcategories&post=1689"},{"taxonomy":"post_tag","embeddable":true,"href":"https:\/\/eskigazeteci.com\/index.php?rest_route=%2Fwp%2Fv2%2Ftags&post=1689"}],"curies":[{"name":"wp","href":"https:\/\/api.w.org\/{rel}","templated":true}]}}