{"id":1687,"date":"2026-02-12T18:08:06","date_gmt":"2026-02-12T18:08:06","guid":{"rendered":"https:\/\/eskigazeteci.com\/?p=1687"},"modified":"2026-02-12T18:08:06","modified_gmt":"2026-02-12T18:08:06","slug":"son-dakika-yeni-trafik-duzenlemesi-tbmmde-kabul-edildi","status":"publish","type":"post","link":"https:\/\/eskigazeteci.com\/?p=1687","title":{"rendered":"Son dakika&#8230; Yeni trafik d\u00fczenlemesi TBMM&#8217;de kabul edildi"},"content":{"rendered":"<p>Trafik cezalar\u0131n\u0131n art\u0131r\u0131lmas\u0131na y\u00f6nelik d\u00fczenlemeleri de i\u00e7eren Karayollar\u0131 Trafik Kanunu&#x27;nda De\u011fi\u015fiklik Yap\u0131lmas\u0131na Dair Kanun Teklifi, TBMM Genel Kurulu&#x27;nda kabul edildi.<\/p>\n<p>Teklife g\u00f6re, tescil plakas\u0131n\u0131n farkl\u0131 okunmas\u0131na veya okunamamas\u0131na bilerek neden olacak \u015fekilde plakas\u0131nda de\u011fi\u015fiklik yapan s\u00fcr\u00fcc\u00fcler, 140 bin lira idari para cezas\u0131na \u00e7arpt\u0131r\u0131lacak, ara\u00e7 30 g\u00fcn s\u00fcreyle trafikten menedilecek.<\/p>\n<p>Y\u00fck ta\u015f\u0131mada kullan\u0131lan ve azami y\u00fckl\u00fc a\u011f\u0131rl\u0131\u011f\u0131 3 bin 500 kilogramdan fazla motorlu ta\u015f\u0131tlar ile yolcu ta\u015f\u0131mac\u0131l\u0131\u011f\u0131 faaliyetlerinde kullan\u0131lan ve s\u00fcr\u00fcc\u00fcs\u00fc dahil oturma yeri 17&#x27;den fazla motorlu ta\u015f\u0131tlarda takograf, taksi hizmeti veren otomobillerde de taksimetre bulundurulmas\u0131, kullan\u0131lmas\u0131 zorunlu olacak.<\/p>\n<p>Yerle\u015fim yeri i\u00e7inde h\u0131z s\u0131n\u0131r\u0131n\u0131 46-55 kilometre\/saatten fazla ihlal edenlerin her seferinde 30 g\u00fcn, 56-65 kilometre\/saatten fazla ihlal edenlerin her seferinde 60 g\u00fcn, 66 kilometre\/saatten fazla ihlal edenlerin ise her seferinde 90 g\u00fcn s\u00fcreyle s\u00fcr\u00fcc\u00fc belgeleri geri al\u0131nacak.<\/p>\n<p>Ge\u00e7i\u015f \u00fcst\u00fcnl\u00fc\u011f\u00fcne sahip ara\u00e7lara ge\u00e7i\u015f hakk\u0131 vermeyen s\u00fcr\u00fcc\u00fclere 15 bin lira idari para cezas\u0131 kesilecek.<\/p>\n<p>Cankurtaran ara\u00e7lar\u0131, yaral\u0131 veya acil hasta ta\u015f\u0131yan ara\u00e7lar ile itfaiye ve orman yang\u0131nlar\u0131yla&#8230;<\/p>\n","protected":false},"excerpt":{"rendered":"<p>Son dakika haberi&#8230; Trafik d\u00fczenlemelerini i\u00e7eren kanun teklifi, TBMM Genel Kurulu\u2019nda kabul edildi.<\/p>\n","protected":false},"author":2,"featured_media":1686,"comment_status":"open","ping_status":"open","sticky":false,"template":"","format":"standard","meta":{"footnotes":""},"categories":[8,6,5],"tags":[],"class_list":["post-1687","post","type-post","status-publish","format-standard","has-post-thumbnail","hentry","category-arsiv","category-gundem","category-son-dakika"],"_links":{"self":[{"href":"https:\/\/eskigazeteci.com\/index.php?rest_route=\/wp\/v2\/posts\/1687","targetHints":{"allow":["GET"]}}],"collection":[{"href":"https:\/\/eskigazeteci.com\/index.php?rest_route=\/wp\/v2\/posts"}],"about":[{"href":"https:\/\/eskigazeteci.com\/index.php?rest_route=\/wp\/v2\/types\/post"}],"author":[{"embeddable":true,"href":"https:\/\/eskigazeteci.com\/index.php?rest_route=\/wp\/v2\/users\/2"}],"replies":[{"embeddable":true,"href":"https:\/\/eskigazeteci.com\/index.php?rest_route=%2Fwp%2Fv2%2Fcomments&post=1687"}],"version-history":[{"count":0,"href":"https:\/\/eskigazeteci.com\/index.php?rest_route=\/wp\/v2\/posts\/1687\/revisions"}],"wp:featuredmedia":[{"embeddable":true,"href":"https:\/\/eskigazeteci.com\/index.php?rest_route=\/wp\/v2\/media\/1686"}],"wp:attachment":[{"href":"https:\/\/eskigazeteci.com\/index.php?rest_route=%2Fwp%2Fv2%2Fmedia&parent=1687"}],"wp:term":[{"taxonomy":"category","embeddable":true,"href":"https:\/\/eskigazeteci.com\/index.php?rest_route=%2Fwp%2Fv2%2Fcategories&post=1687"},{"taxonomy":"post_tag","embeddable":true,"href":"https:\/\/eskigazeteci.com\/index.php?rest_route=%2Fwp%2Fv2%2Ftags&post=1687"}],"curies":[{"name":"wp","href":"https:\/\/api.w.org\/{rel}","templated":true}]}}