{"id":1685,"date":"2026-02-12T18:06:35","date_gmt":"2026-02-12T18:06:35","guid":{"rendered":"https:\/\/eskigazeteci.com\/?p=1685"},"modified":"2026-02-12T18:06:35","modified_gmt":"2026-02-12T18:06:35","slug":"son-dakika-a-milli-takimin-uefa-uluslar-ligindeki-rakipleri-belli-oldu-kura-cekimi-yapildi","status":"publish","type":"post","link":"https:\/\/eskigazeteci.com\/?p=1685","title":{"rendered":"Son Dakika: A Milli Tak\u0131m&#8217;\u0131n UEFA Uluslar Ligi&#8217;ndeki rakipleri belli oldu! Kura \u00e7ekimi yap\u0131ld\u0131"},"content":{"rendered":"<p>Son Dakika: A Milli Tak\u0131m&#x27;\u0131n UEFA Uluslar Ligi&#x27;ndeki rakipleri belli oldu! Kura \u00e7ekimi yap\u0131ld\u0131<\/p>\n<p>Milliler, UEFA Uluslar Ligi A Ligi&#x27;nde Fransa, \u0130talya ve Bel\u00e7ika ile ayn\u0131 grupta yer alacak.<\/p>\n<p>TFF Ba\u015fkan\u0131 \u0130brahim Hac\u0131osmano\u011flu ve Vincenzo Montella, UEFA Uluslar Ligi kura \u00e7ekimi i\u00e7in Br\u00fcksel&#x27;de \ud83d\udcfd\ufe0f pic.twitter.com\/ReskWC6lwc<\/p>\n<p>A Ligi&#x27;nde gruplar\u0131n\u0131 ilk iki s\u0131rada tamamlayan 8 tak\u0131m, iki ayakl\u0131 \u00e7eyrek finallerde m\u00fccadele edecek. Bu e\u015fle\u015fmelerin galipleri Haziran 2027&#x27;deki final turnuvas\u0131na kat\u0131lacak.<\/p>\n<p>B ve C Liglerindeki d\u00f6rt grup birincisinin yan\u0131 s\u0131ra D Ligi&#x27;ndeki iki grup birincisi, A, B ve C Liglerine y\u00fckselecek.<\/p>\n<p>A ve B Liglerinde d\u00f6rd\u00fcnc\u00fc s\u0131ray\u0131 alan tak\u0131mlar, otomatik olarak B ve C Liglerine d\u00fc\u015fecek. C Ligi&#x27;nde d\u00f6rd\u00fcnc\u00fc s\u0131ray\u0131 alan en k\u00f6t\u00fc iki tak\u0131m da D Ligi&#x27;ne gidecek.<\/p>\n<p>A Ligi&#x27;nin \u00fc\u00e7\u00fcnc\u00fc s\u0131radaki tak\u0131mlar\u0131 ve B Ligi&#x27;nin ikincileri, B Ligi&#x27;nin \u00fc\u00e7\u00fcnc\u00fc s\u0131radaki tak\u0131mlar\u0131 ve C Ligi&#x27;nin ikincileri, iki ayakl\u0131 play-off ma\u00e7\u0131 oynayacak.<\/p>\n<p>C Ligi&#x27;nin d\u00f6rd\u00fcnc\u00fc s\u0131radaki en iyi iki tak\u0131m\u0131 ile D Ligi&#x27;nin iki ikincisi aras\u0131nda da play-off m\u00fccadelesi yap\u0131lacak.<\/p>\n<p>T\u00fcrkiye&#x27;nin de bulundu\u011fu A Ligi&#x27;nde torbalar \u015fu \u015fekilde:<\/p>\n<p>1. torba: Portekiz, \u0130spanya, Fransa, Almanya<\/p>\n<p>2. torba: \u0130talya, Hollanda,&#8230;<\/p>\n","protected":false},"excerpt":{"rendered":"<p>A Milli Tak\u0131m&#8217;\u0131n UEFA Uluslar Ligi A Ligi&#8217;ndeki rakipleri belli oldu. Bel\u00e7ika\u2019n\u0131n ba\u015fkenti Br\u00fcksel\u2019de kura \u00e7ekimi ger\u00e7ekle\u015ftirildi. Milliler; UEFA Uluslar&#8230;<\/p>\n","protected":false},"author":2,"featured_media":1684,"comment_status":"open","ping_status":"open","sticky":false,"template":"","format":"standard","meta":{"footnotes":""},"categories":[8,5,7],"tags":[],"class_list":["post-1685","post","type-post","status-publish","format-standard","has-post-thumbnail","hentry","category-arsiv","category-son-dakika","category-spor"],"_links":{"self":[{"href":"https:\/\/eskigazeteci.com\/index.php?rest_route=\/wp\/v2\/posts\/1685","targetHints":{"allow":["GET"]}}],"collection":[{"href":"https:\/\/eskigazeteci.com\/index.php?rest_route=\/wp\/v2\/posts"}],"about":[{"href":"https:\/\/eskigazeteci.com\/index.php?rest_route=\/wp\/v2\/types\/post"}],"author":[{"embeddable":true,"href":"https:\/\/eskigazeteci.com\/index.php?rest_route=\/wp\/v2\/users\/2"}],"replies":[{"embeddable":true,"href":"https:\/\/eskigazeteci.com\/index.php?rest_route=%2Fwp%2Fv2%2Fcomments&post=1685"}],"version-history":[{"count":0,"href":"https:\/\/eskigazeteci.com\/index.php?rest_route=\/wp\/v2\/posts\/1685\/revisions"}],"wp:featuredmedia":[{"embeddable":true,"href":"https:\/\/eskigazeteci.com\/index.php?rest_route=\/wp\/v2\/media\/1684"}],"wp:attachment":[{"href":"https:\/\/eskigazeteci.com\/index.php?rest_route=%2Fwp%2Fv2%2Fmedia&parent=1685"}],"wp:term":[{"taxonomy":"category","embeddable":true,"href":"https:\/\/eskigazeteci.com\/index.php?rest_route=%2Fwp%2Fv2%2Fcategories&post=1685"},{"taxonomy":"post_tag","embeddable":true,"href":"https:\/\/eskigazeteci.com\/index.php?rest_route=%2Fwp%2Fv2%2Ftags&post=1685"}],"curies":[{"name":"wp","href":"https:\/\/api.w.org\/{rel}","templated":true}]}}