{"id":1681,"date":"2026-02-12T17:36:33","date_gmt":"2026-02-12T17:36:33","guid":{"rendered":"https:\/\/eskigazeteci.com\/?p=1681"},"modified":"2026-02-12T17:36:33","modified_gmt":"2026-02-12T17:36:33","slug":"galatasaraya-leroy-sane-mujdesi","status":"publish","type":"post","link":"https:\/\/eskigazeteci.com\/?p=1681","title":{"rendered":"Galatasaray&#8217;a Leroy Sane m\u00fcjdesi!"},"content":{"rendered":"<p>Galatasaray , Trendyol S\u00fcper Lig\u2019in 22. haftas\u0131nda Ey\u00fcpspor ile yapaca\u011f\u0131 ma\u00e7\u0131n haz\u0131rl\u0131klar\u0131n\u0131 bug\u00fcn yapt\u0131\u011f\u0131 antrenmanla tamamlad\u0131.<\/p>\n<p>Kemerburgaz Metin Oktay Tesisleri\u2019nde Teknik Direkt\u00f6r Okan Buruk y\u00f6netiminde dinamik \u0131s\u0131nmayla ba\u015flayan idman, iki grup halinde 8\u2019e 2 \u00e7al\u0131\u015fmas\u0131yla devam etti. Antrenman, taktik \u00e7al\u0131\u015fmayla sona erdi.<\/p>\n<p>Sar\u0131-k\u0131rm\u0131z\u0131l\u0131larda bir s\u00fcredir sakatl\u0131\u011f\u0131 bulunan Leroy Sane de idmanda yer ald\u0131.<\/p>\n<p>Galatasaray, yar\u0131n saat 20.00\u2019de RAMS Park\u2019ta Ey\u00fcpspor\u2019u konuk edecek.<\/p>\n<p>T\u00fcrkiye&#x27;den ve D\u00fcnya\u2019dan son dakika haberleri, k\u00f6\u015fe yaz\u0131lar\u0131, magazinden siyasete, spordan seyahate b\u00fct\u00fcn konular\u0131n tek adresi Hurriyet.com.tr haber i\u00e7erikleri izin al\u0131nmadan, kaynak g\u00f6sterilerek dahi iktibas edilemez. Kanuna ayk\u0131r\u0131 ve izinsiz olarak kopyalanamaz, ba\u015fka yerde yay\u0131nlanamaz.<\/p>\n","protected":false},"excerpt":{"rendered":"<p>S\u00fcper Lig\u2019in 22. haftas\u0131nda Ey\u00fcpspor ile yapaca\u011f\u0131 ma\u00e7\u0131n haz\u0131rl\u0131klar\u0131n\u0131 s\u00fcrd\u00fcren Galatasaray&#8217;da Leroy Sane idmana kat\u0131ld\u0131.<\/p>\n","protected":false},"author":2,"featured_media":1680,"comment_status":"open","ping_status":"open","sticky":false,"template":"","format":"standard","meta":{"footnotes":""},"categories":[8,5,7],"tags":[],"class_list":["post-1681","post","type-post","status-publish","format-standard","has-post-thumbnail","hentry","category-arsiv","category-son-dakika","category-spor"],"_links":{"self":[{"href":"https:\/\/eskigazeteci.com\/index.php?rest_route=\/wp\/v2\/posts\/1681","targetHints":{"allow":["GET"]}}],"collection":[{"href":"https:\/\/eskigazeteci.com\/index.php?rest_route=\/wp\/v2\/posts"}],"about":[{"href":"https:\/\/eskigazeteci.com\/index.php?rest_route=\/wp\/v2\/types\/post"}],"author":[{"embeddable":true,"href":"https:\/\/eskigazeteci.com\/index.php?rest_route=\/wp\/v2\/users\/2"}],"replies":[{"embeddable":true,"href":"https:\/\/eskigazeteci.com\/index.php?rest_route=%2Fwp%2Fv2%2Fcomments&post=1681"}],"version-history":[{"count":0,"href":"https:\/\/eskigazeteci.com\/index.php?rest_route=\/wp\/v2\/posts\/1681\/revisions"}],"wp:featuredmedia":[{"embeddable":true,"href":"https:\/\/eskigazeteci.com\/index.php?rest_route=\/wp\/v2\/media\/1680"}],"wp:attachment":[{"href":"https:\/\/eskigazeteci.com\/index.php?rest_route=%2Fwp%2Fv2%2Fmedia&parent=1681"}],"wp:term":[{"taxonomy":"category","embeddable":true,"href":"https:\/\/eskigazeteci.com\/index.php?rest_route=%2Fwp%2Fv2%2Fcategories&post=1681"},{"taxonomy":"post_tag","embeddable":true,"href":"https:\/\/eskigazeteci.com\/index.php?rest_route=%2Fwp%2Fv2%2Ftags&post=1681"}],"curies":[{"name":"wp","href":"https:\/\/api.w.org\/{rel}","templated":true}]}}