{"id":1679,"date":"2026-02-12T17:29:49","date_gmt":"2026-02-12T17:29:49","guid":{"rendered":"https:\/\/eskigazeteci.com\/?p=1679"},"modified":"2026-02-12T17:29:49","modified_gmt":"2026-02-12T17:29:49","slug":"son-dakika-istanbulda-toplu-tasimaya-yuzde-20-zam","status":"publish","type":"post","link":"https:\/\/eskigazeteci.com\/?p=1679","title":{"rendered":"Son dakika&#8230; \u0130stanbul&#8217;da toplu ta\u015f\u0131maya y\u00fczde 20 zam"},"content":{"rendered":"<p>\u0130BB Meclisi&#8217;nde \u0130stanbul&#8217;da toplu ta\u015f\u0131maya y\u00fczde 20 zam oy \u00e7oklu\u011fu ile kabul edildi. Marmaray ve banliy\u00f6 hatlar\u0131nda ise mevcut yolcu \u00fccretlerine y\u00fczde 25,49&#8230;<\/p>\n","protected":false},"excerpt":{"rendered":"<p>\u0130BB Meclisi&#8217;nde \u0130stanbul&#8217;da toplu ta\u015f\u0131maya y\u00fczde 20 zam oy \u00e7oklu\u011fu ile kabul edildi. Marmaray ve banliy\u00f6 hatlar\u0131nda ise mevcut yolcu \u00fccretlerine y\u00fczde 25,49&#8230;<\/p>\n","protected":false},"author":2,"featured_media":1678,"comment_status":"open","ping_status":"open","sticky":false,"template":"","format":"standard","meta":{"footnotes":""},"categories":[8,6,5],"tags":[],"class_list":["post-1679","post","type-post","status-publish","format-standard","has-post-thumbnail","hentry","category-arsiv","category-gundem","category-son-dakika"],"_links":{"self":[{"href":"https:\/\/eskigazeteci.com\/index.php?rest_route=\/wp\/v2\/posts\/1679","targetHints":{"allow":["GET"]}}],"collection":[{"href":"https:\/\/eskigazeteci.com\/index.php?rest_route=\/wp\/v2\/posts"}],"about":[{"href":"https:\/\/eskigazeteci.com\/index.php?rest_route=\/wp\/v2\/types\/post"}],"author":[{"embeddable":true,"href":"https:\/\/eskigazeteci.com\/index.php?rest_route=\/wp\/v2\/users\/2"}],"replies":[{"embeddable":true,"href":"https:\/\/eskigazeteci.com\/index.php?rest_route=%2Fwp%2Fv2%2Fcomments&post=1679"}],"version-history":[{"count":0,"href":"https:\/\/eskigazeteci.com\/index.php?rest_route=\/wp\/v2\/posts\/1679\/revisions"}],"wp:featuredmedia":[{"embeddable":true,"href":"https:\/\/eskigazeteci.com\/index.php?rest_route=\/wp\/v2\/media\/1678"}],"wp:attachment":[{"href":"https:\/\/eskigazeteci.com\/index.php?rest_route=%2Fwp%2Fv2%2Fmedia&parent=1679"}],"wp:term":[{"taxonomy":"category","embeddable":true,"href":"https:\/\/eskigazeteci.com\/index.php?rest_route=%2Fwp%2Fv2%2Fcategories&post=1679"},{"taxonomy":"post_tag","embeddable":true,"href":"https:\/\/eskigazeteci.com\/index.php?rest_route=%2Fwp%2Fv2%2Ftags&post=1679"}],"curies":[{"name":"wp","href":"https:\/\/api.w.org\/{rel}","templated":true}]}}