{"id":1675,"date":"2026-02-12T17:26:46","date_gmt":"2026-02-12T17:26:46","guid":{"rendered":"https:\/\/eskigazeteci.com\/?p=1675"},"modified":"2026-02-12T17:26:46","modified_gmt":"2026-02-12T17:26:46","slug":"son-dakika-hava-durumu-tahminleri-il-il","status":"publish","type":"post","link":"https:\/\/eskigazeteci.com\/?p=1675","title":{"rendered":"SON DAK\u0130KA HAVA DURUMU TAHM\u0130NLER\u0130 \u0130L \u0130L"},"content":{"rendered":"<p>Meteoroloji Genel M\u00fcd\u00fcrl\u00fc\u011f\u00fc olarak yap\u0131lan de\u011ferlendirmelere g\u00f6re, \u00fclkemiz genelinin \u00e7ok bulutlu (Rize, Artvin k\u0131y\u0131lar\u0131, I\u011fd\u0131r ve Van hari\u00e7) \u00fclke genelinin aral\u0131kl\u0131 ya\u011f\u0131\u015fl\u0131 ge\u00e7ece\u011fi tahmin ediliyor. Ya\u011f\u0131\u015flar\u0131n; genellikle ya\u011fmur ve sa\u011fanak, K\u0131y\u0131 Ege ve Akdeniz k\u0131y\u0131lar\u0131nda yer yer g\u00f6k g\u00fcr\u00fclt\u00fcl\u00fc sa\u011fanak, Akdeniz ve Karadeniz\u2019in i\u00e7 ve y\u00fcksek kesimleri ile Do\u011fu Anadolu\u2019nun kuzey ve do\u011fusunda karla kar\u0131\u015f\u0131k ya\u011fmur ve kar \u015feklinde olmas\u0131 bekleniyor. Ya\u011f\u0131\u015flar\u0131n; G\u00fcney ve K\u0131y\u0131 Ege, Akdeniz, \u0130\u00e7 Anadolu\u2019nun g\u00fcneyi, Do\u011fu Anadolu\u2019nun bat\u0131s\u0131 ile \u00c7anakkale, Ad\u0131yaman \u00e7evreleri, Gaziantep, Kilis ve Diyarbak\u0131r&#x27;\u0131n bat\u0131s\u0131nda kuvvetli, \u0130zmir\u2019in g\u00fcneyi, Ayd\u0131n, Mu\u011fla, Antalya, Burdur ve Isparta illerinin g\u00fcneyi, Mersin, Adana, Osmaniye, Kahramanmara\u015f ve Malatya \u00e7evrelerinde \u00e7ok kuvvetli ve yerel \u015fiddetli olmas\u0131 bekleniyor. Sabah ve gece saatlerinde do\u011fu b\u00f6lgelerde buzlanma ve don olay\u0131 bekleniyor. Do\u011fu Karadeniz\u2019in i\u00e7 kesimlerinin y\u00fcksekleri ile Do\u011fu Anadolu\u2019nun do\u011fusunda y\u00fcksek kar \u00f6rt\u00fcs\u00fcne sahip e\u011fimli kesimlerinde \u00e7\u0131\u011f ve kar erimesi tehlikesi bulunmaktad\u0131r.<\/p>\n<p>AKOM&#x27;DAN UYARI<\/p>\n<p>AKOM&#x27;dan yap\u0131lan a\u00e7\u0131klamaya g\u00f6re; \u00d6n\u00fcm\u00fczdeki bir hafta boyunca r\u00fczgar\u0131n g\u00fcneyli y\u00f6nlerden kuvvetlenerek aral\u0131klarla f\u0131rt\u0131na&#8230;<\/p>\n","protected":false},"excerpt":{"rendered":"<p>Meteoroloji hava durumu tahminleri son dakika kodu ile yay\u0131nland\u0131. Sa\u011fanak ya\u011f\u0131\u015f \u0130stanbul&#8217;da etkili olurken, 15 il i\u00e7in yeni uyar\u0131 geldi. Meteoroloji Genel&#8230;<\/p>\n","protected":false},"author":2,"featured_media":1674,"comment_status":"open","ping_status":"open","sticky":false,"template":"","format":"standard","meta":{"footnotes":""},"categories":[8,6,5],"tags":[],"class_list":["post-1675","post","type-post","status-publish","format-standard","has-post-thumbnail","hentry","category-arsiv","category-gundem","category-son-dakika"],"_links":{"self":[{"href":"https:\/\/eskigazeteci.com\/index.php?rest_route=\/wp\/v2\/posts\/1675","targetHints":{"allow":["GET"]}}],"collection":[{"href":"https:\/\/eskigazeteci.com\/index.php?rest_route=\/wp\/v2\/posts"}],"about":[{"href":"https:\/\/eskigazeteci.com\/index.php?rest_route=\/wp\/v2\/types\/post"}],"author":[{"embeddable":true,"href":"https:\/\/eskigazeteci.com\/index.php?rest_route=\/wp\/v2\/users\/2"}],"replies":[{"embeddable":true,"href":"https:\/\/eskigazeteci.com\/index.php?rest_route=%2Fwp%2Fv2%2Fcomments&post=1675"}],"version-history":[{"count":0,"href":"https:\/\/eskigazeteci.com\/index.php?rest_route=\/wp\/v2\/posts\/1675\/revisions"}],"wp:featuredmedia":[{"embeddable":true,"href":"https:\/\/eskigazeteci.com\/index.php?rest_route=\/wp\/v2\/media\/1674"}],"wp:attachment":[{"href":"https:\/\/eskigazeteci.com\/index.php?rest_route=%2Fwp%2Fv2%2Fmedia&parent=1675"}],"wp:term":[{"taxonomy":"category","embeddable":true,"href":"https:\/\/eskigazeteci.com\/index.php?rest_route=%2Fwp%2Fv2%2Fcategories&post=1675"},{"taxonomy":"post_tag","embeddable":true,"href":"https:\/\/eskigazeteci.com\/index.php?rest_route=%2Fwp%2Fv2%2Ftags&post=1675"}],"curies":[{"name":"wp","href":"https:\/\/api.w.org\/{rel}","templated":true}]}}