{"id":1673,"date":"2026-02-12T17:16:33","date_gmt":"2026-02-12T17:16:33","guid":{"rendered":"https:\/\/eskigazeteci.com\/?p=1673"},"modified":"2026-02-12T17:16:33","modified_gmt":"2026-02-12T17:16:33","slug":"rutte-natoda-gercek-bir-zihniyet-degisimi-yasandigina-sahit-olduk","status":"publish","type":"post","link":"https:\/\/eskigazeteci.com\/?p=1673","title":{"rendered":"Rutte: NATO\u2019da ger\u00e7ek bir zihniyet de\u011fi\u015fimi ya\u015fand\u0131\u011f\u0131na \u015fahit olduk"},"content":{"rendered":"<p>NATO Genel Sekreteri Mark Rutte, Bel\u00e7ika\u2019n\u0131n ba\u015fkenti Br\u00fcksel\u2019deki NATO Savunma Bakanlar\u0131 Toplant\u0131s\u0131\u2019n\u0131n ard\u0131ndan bas\u0131n toplant\u0131s\u0131 d\u00fczenledi. Bug\u00fcnk\u00fc g\u00f6r\u00fc\u015fmelerin NATO\u2019nun cayd\u0131r\u0131c\u0131l\u0131\u011f\u0131 ve savunmas\u0131n\u0131 g\u00fc\u00e7lendirme ve Ukrayna\u2019ya deste\u011fin s\u00fcrd\u00fcr\u00fclmesine odakland\u0131\u011f\u0131n\u0131 ifade eden Rutte, bug\u00fcnk\u00fc toplant\u0131da g\u00f6r\u00fcp duyduklar\u0131n\u0131n, daha \u00f6nce kat\u0131ld\u0131\u011f\u0131 t\u00fcm NATO toplant\u0131lar\u0131ndan farkl\u0131 oldu\u011funu s\u00f6yledi. NATO m\u00fcttefiklerinin ge\u00e7ti\u011fimiz y\u0131l haziran ay\u0131nda Hollanda\u2019n\u0131n Lahey kentinde yap\u0131lan NATO Zirvesi\u2019nde GSYH\u2019nin y\u00fczde 5\u2019inin savunmaya ayr\u0131lmas\u0131 taahh\u00fcd\u00fcnde bulunduklar\u0131n\u0131 hat\u0131rlatan Rutte, &quot;Bu taahh\u00fcd\u00fcn yerine getirildi\u011fini g\u00f6steren g\u00f6zle g\u00f6r\u00fcl\u00fcr deliller mevcut. Fakat ayn\u0131 zamanda bug\u00fcn NATO\u2019da ger\u00e7ek bir zihniyet de\u011fi\u015fimi ya\u015fand\u0131\u011f\u0131na \u015fahit olduk. Bir birlik vizyonu ve NATO dahilinde \u00e7ok daha g\u00fc\u00e7l\u00fc bir Avrupa savunmas\u0131&quot; dedi. Durumun aciliyetinin anla\u015f\u0131ld\u0131\u011f\u0131n\u0131 ve \u00fclkelerin savunma harcamalar\u0131n\u0131 buna uygun hale getirdiklerini ifade eden Rutte, &quot;Danimarka, Estonya, Letonya, Litvanya ve Polonya gibi baz\u0131 m\u00fcttefikler, yat\u0131r\u0131m hedeflerimize \u015fimiden ula\u015fm\u0131\u015f ya da bu hedefleri a\u015fm\u0131\u015f durumda. \u00dcstelik takvimden on y\u0131l \u00f6nce. Almanya gibi baz\u0131 m\u00fcttefikler ise yat\u0131r\u0131mlar\u0131n\u0131 birka\u00e7 y\u0131l \u00f6ncesine k\u0131yasla&#8230;<\/p>\n","protected":false},"excerpt":{"rendered":"<p>NATO Genel Sekreteri Mark Rutte, m\u00fcttefik \u00fclkelerin savunma harcamalar\u0131n\u0131 art\u0131rma y\u00f6n\u00fcnde \u00f6nemli ilerleme kaydettiklerine dikkat \u00e7ekerek, Bug\u00fcn NATO\u2019da&#8230;<\/p>\n","protected":false},"author":2,"featured_media":1672,"comment_status":"open","ping_status":"open","sticky":false,"template":"","format":"standard","meta":{"footnotes":""},"categories":[8,6,5],"tags":[],"class_list":["post-1673","post","type-post","status-publish","format-standard","has-post-thumbnail","hentry","category-arsiv","category-gundem","category-son-dakika"],"_links":{"self":[{"href":"https:\/\/eskigazeteci.com\/index.php?rest_route=\/wp\/v2\/posts\/1673","targetHints":{"allow":["GET"]}}],"collection":[{"href":"https:\/\/eskigazeteci.com\/index.php?rest_route=\/wp\/v2\/posts"}],"about":[{"href":"https:\/\/eskigazeteci.com\/index.php?rest_route=\/wp\/v2\/types\/post"}],"author":[{"embeddable":true,"href":"https:\/\/eskigazeteci.com\/index.php?rest_route=\/wp\/v2\/users\/2"}],"replies":[{"embeddable":true,"href":"https:\/\/eskigazeteci.com\/index.php?rest_route=%2Fwp%2Fv2%2Fcomments&post=1673"}],"version-history":[{"count":0,"href":"https:\/\/eskigazeteci.com\/index.php?rest_route=\/wp\/v2\/posts\/1673\/revisions"}],"wp:featuredmedia":[{"embeddable":true,"href":"https:\/\/eskigazeteci.com\/index.php?rest_route=\/wp\/v2\/media\/1672"}],"wp:attachment":[{"href":"https:\/\/eskigazeteci.com\/index.php?rest_route=%2Fwp%2Fv2%2Fmedia&parent=1673"}],"wp:term":[{"taxonomy":"category","embeddable":true,"href":"https:\/\/eskigazeteci.com\/index.php?rest_route=%2Fwp%2Fv2%2Fcategories&post=1673"},{"taxonomy":"post_tag","embeddable":true,"href":"https:\/\/eskigazeteci.com\/index.php?rest_route=%2Fwp%2Fv2%2Ftags&post=1673"}],"curies":[{"name":"wp","href":"https:\/\/api.w.org\/{rel}","templated":true}]}}