{"id":1671,"date":"2026-02-12T16:56:34","date_gmt":"2026-02-12T16:56:34","guid":{"rendered":"https:\/\/eskigazeteci.com\/?p=1671"},"modified":"2026-02-12T16:56:34","modified_gmt":"2026-02-12T16:56:34","slug":"sakarya-merkezli-12-ilde-cocuk-mustehcenligi-operasyonu-13-tutuklama","status":"publish","type":"post","link":"https:\/\/eskigazeteci.com\/?p=1671","title":{"rendered":"Sakarya merkezli 12 ilde \u00e7ocuk m\u00fcstehcenli\u011fi operasyonu: 13 tutuklama"},"content":{"rendered":"<p>Sakarya Emniyet M\u00fcd\u00fcrl\u00fc\u011f\u00fc Siber Su\u00e7larla M\u00fccadele \u015eube M\u00fcd\u00fcrl\u00fc\u011f\u00fc ekipleri taraf\u0131ndan \u2018\u00c7evrimi\u00e7i \u00e7ocuk m\u00fcstehcenli\u011fi\u2019 soru\u015fturmas\u0131 kapsam\u0131nda \u015f\u00fcphelilerin adreslerine operasyon d\u00fczenlendi. Sakarya merkezli 12 ilde yap\u0131lan e\u015f zamanl\u0131 operasyonda 23 \u015f\u00fcpheli g\u00f6zalt\u0131na al\u0131nd\u0131. \u015e\u00fcphelilerin adreslerinde el konulan dijital materyallerde \u00e7ocuklara ait m\u00fcstehcen g\u00f6r\u00fcnt\u00fcler ele ge\u00e7irildi. \u015e\u00fcphelilerin ayr\u0131ca sosyal medya platformlar\u0131 \u00fczerinden \u00e7ocuklara ait oldu\u011fu de\u011ferlendirilen m\u00fcstehcen g\u00f6r\u00fcnt\u00fcleri para kar\u015f\u0131l\u0131\u011f\u0131nda sat\u0131n ald\u0131klar\u0131 tespit edildi.<\/p>\n<p>Emniyetteki i\u015flemlerin ard\u0131ndan adliyeye sevk edilen 23 \u015f\u00fcpheliden 13\u2019\u00fc tutuklan\u0131rken, 10 ki\u015fi ise adli kontrol tedbirleri uygulanarak serbest b\u0131rak\u0131ld\u0131.<\/p>\n<p>T\u00fcrkiye g\u00fcndeminden son dakika haberleri, bug\u00fcn ya\u015fanan en son geli\u015fmeler, siyaset g\u00fcndeminden g\u00fcncel haberler ve b\u00fct\u00fcn son dakika haberleri i\u00e7in H\u00fcrriyet&#x27;in internet haber sitesi hurriyet.com.tr; Hurriyet.com.tr haber i\u00e7erikleri kaynak g\u00f6sterilmeden al\u0131nt\u0131 yap\u0131lamaz, Kanuna ayk\u0131r\u0131 ve izinsiz olarak kopyalanamaz, ba\u015fka yerde yay\u0131nlanamaz.<\/p>\n","protected":false},"excerpt":{"rendered":"<p>Sakarya merkezli 12 ilde Siber Su\u00e7larla M\u00fccadele \u015eube M\u00fcd\u00fcrl\u00fc\u011f\u00fc ekiplerince \u2018\u00c7evrimi\u00e7i \u00e7ocuk m\u00fcstehcenli\u011fi\u2019 soru\u015fturmas\u0131 kapsam\u0131nda d\u00fczenlenen operasyonda&#8230;<\/p>\n","protected":false},"author":2,"featured_media":1670,"comment_status":"open","ping_status":"open","sticky":false,"template":"","format":"standard","meta":{"footnotes":""},"categories":[8,6,5],"tags":[],"class_list":["post-1671","post","type-post","status-publish","format-standard","has-post-thumbnail","hentry","category-arsiv","category-gundem","category-son-dakika"],"_links":{"self":[{"href":"https:\/\/eskigazeteci.com\/index.php?rest_route=\/wp\/v2\/posts\/1671","targetHints":{"allow":["GET"]}}],"collection":[{"href":"https:\/\/eskigazeteci.com\/index.php?rest_route=\/wp\/v2\/posts"}],"about":[{"href":"https:\/\/eskigazeteci.com\/index.php?rest_route=\/wp\/v2\/types\/post"}],"author":[{"embeddable":true,"href":"https:\/\/eskigazeteci.com\/index.php?rest_route=\/wp\/v2\/users\/2"}],"replies":[{"embeddable":true,"href":"https:\/\/eskigazeteci.com\/index.php?rest_route=%2Fwp%2Fv2%2Fcomments&post=1671"}],"version-history":[{"count":0,"href":"https:\/\/eskigazeteci.com\/index.php?rest_route=\/wp\/v2\/posts\/1671\/revisions"}],"wp:featuredmedia":[{"embeddable":true,"href":"https:\/\/eskigazeteci.com\/index.php?rest_route=\/wp\/v2\/media\/1670"}],"wp:attachment":[{"href":"https:\/\/eskigazeteci.com\/index.php?rest_route=%2Fwp%2Fv2%2Fmedia&parent=1671"}],"wp:term":[{"taxonomy":"category","embeddable":true,"href":"https:\/\/eskigazeteci.com\/index.php?rest_route=%2Fwp%2Fv2%2Fcategories&post=1671"},{"taxonomy":"post_tag","embeddable":true,"href":"https:\/\/eskigazeteci.com\/index.php?rest_route=%2Fwp%2Fv2%2Ftags&post=1671"}],"curies":[{"name":"wp","href":"https:\/\/api.w.org\/{rel}","templated":true}]}}