{"id":1669,"date":"2026-02-12T16:49:38","date_gmt":"2026-02-12T16:49:38","guid":{"rendered":"https:\/\/eskigazeteci.com\/?p=1669"},"modified":"2026-02-12T16:49:38","modified_gmt":"2026-02-12T16:49:38","slug":"bilal-erdogan-500-bin-ogrencimizin-manevi-dunyasina-isik-tuttuk","status":"publish","type":"post","link":"https:\/\/eskigazeteci.com\/?p=1669","title":{"rendered":"Bilal Erdo\u011fan: 500 bin \u00f6\u011frencimizin manevi d\u00fcnyas\u0131na \u0131\u015f\u0131k tuttuk"},"content":{"rendered":"<p>Ka\u011f\u0131thane&#x27;de bulunan Cumhurba\u015fkan\u0131 Osmanl\u0131 Ar\u015fivi K\u00fclliyesi&#x27;nde Hayrat Vakf\u0131 ve Mill\u00ee E\u011fitim Bakanl\u0131\u011f\u0131 i\u015fbirli\u011fi ile Gen\u00e7 Hayrat\u2019\u0131n d\u00fczenledi\u011fi T\u00fcrkiye genelindeki Fen ve Anadolu Liselerini bir araya getiren &#x27;K\u00fclt\u00fcrel Miras\u0131n \u0130zinde Osmanl\u0131 T\u00fcrk\u00e7esi Yar\u0131\u015fmas\u0131 Finali&#x27; program\u0131 \u0130lim Yayma Cemiyeti M\u00fctevelli Heyeti Ba\u015fkan\u0131 Bilal Erdo\u011fan&#x27;\u0131n kat\u0131l\u0131m\u0131yla ger\u00e7ekle\u015ftirildi.<\/p>\n<p>Programa \u0130stanbul Valisi Davut G\u00fcl, \u0130lim Yayma Vakf\u0131 M\u00fctevelli Heyeti Ba\u015fkan\u0131 Necmeddin Bilal Erdo\u011fan, Milli E\u011fitim Bakan Yard\u0131mc\u0131s\u0131 \u00d6mer Faruk Yelkenci, Gen\u00e7lik ve Spor Bakan Yard\u0131mc\u0131s\u0131 Enes Emino\u011flu, Ka\u011f\u0131thane Kaymakam\u0131 Y\u00fcksel Kara, Ka\u011f\u0131thane Belediye Ba\u015fkan\u0131 Mevl\u00fct \u00d6ztekin ve Gen\u00e7 Hayrat Ba\u015fkan\u0131 K\u00fcr\u015fat Karaca, \u00f6\u011frenciler ve e\u011fitmenler kat\u0131ld\u0131. Yar\u0131\u015fmaya T\u00fcrkiye&#x27;nin t\u00fcm il ve il\u00e7elerindeki Fen ve Anadolu liseleri aras\u0131ndan tertip heyetinin belirledi\u011fi 505 okul kat\u0131ld\u0131. 15 bin \u00f6\u011frencinin kat\u0131ld\u0131\u011f\u0131 seminerlere &#x27;Neden Osmanl\u0131ca \u00d6\u011frenmeliyim?&#x27; seminerleri verildi. Bu \u00f6\u011frencilerden 7 bin \u00f6\u011frenciye 7 hafta s\u00fcren Osmanl\u0131ca e\u011fitimi verildi. 31 Ocak&#x27;ta T\u00fcrkiye genelinde \u00e7evrimi\u00e7i ger\u00e7ekle\u015ftirilen s\u0131navda T\u00fcrkiye ve il dereceleri belli oldu. Derece alanlar 12 \u015eubat&#x27;ta Cumhurba\u015fkanl\u0131\u011f\u0131 Devlet Ar\u015fivleri Osmanl\u0131 Ar\u015fivi&#8230;<\/p>\n","protected":false},"excerpt":{"rendered":"<p>K\u00fclt\u00fcrel Miras&#8217;\u0131n \u0130zinde Projesi Final Program\u0131&#8217;nda konu\u015fan \u0130lim Yayma Cemiyeti M\u00fctevelli Heyeti Ba\u015fkan\u0131 Bilal Erdo\u011fan, Her sene tertip etti\u011fimiz &#8216;Ayd\u0131nl\u0131k&#8230;<\/p>\n","protected":false},"author":2,"featured_media":1668,"comment_status":"open","ping_status":"open","sticky":false,"template":"","format":"standard","meta":{"footnotes":""},"categories":[8,6,5],"tags":[],"class_list":["post-1669","post","type-post","status-publish","format-standard","has-post-thumbnail","hentry","category-arsiv","category-gundem","category-son-dakika"],"_links":{"self":[{"href":"https:\/\/eskigazeteci.com\/index.php?rest_route=\/wp\/v2\/posts\/1669","targetHints":{"allow":["GET"]}}],"collection":[{"href":"https:\/\/eskigazeteci.com\/index.php?rest_route=\/wp\/v2\/posts"}],"about":[{"href":"https:\/\/eskigazeteci.com\/index.php?rest_route=\/wp\/v2\/types\/post"}],"author":[{"embeddable":true,"href":"https:\/\/eskigazeteci.com\/index.php?rest_route=\/wp\/v2\/users\/2"}],"replies":[{"embeddable":true,"href":"https:\/\/eskigazeteci.com\/index.php?rest_route=%2Fwp%2Fv2%2Fcomments&post=1669"}],"version-history":[{"count":0,"href":"https:\/\/eskigazeteci.com\/index.php?rest_route=\/wp\/v2\/posts\/1669\/revisions"}],"wp:featuredmedia":[{"embeddable":true,"href":"https:\/\/eskigazeteci.com\/index.php?rest_route=\/wp\/v2\/media\/1668"}],"wp:attachment":[{"href":"https:\/\/eskigazeteci.com\/index.php?rest_route=%2Fwp%2Fv2%2Fmedia&parent=1669"}],"wp:term":[{"taxonomy":"category","embeddable":true,"href":"https:\/\/eskigazeteci.com\/index.php?rest_route=%2Fwp%2Fv2%2Fcategories&post=1669"},{"taxonomy":"post_tag","embeddable":true,"href":"https:\/\/eskigazeteci.com\/index.php?rest_route=%2Fwp%2Fv2%2Ftags&post=1669"}],"curies":[{"name":"wp","href":"https:\/\/api.w.org\/{rel}","templated":true}]}}