{"id":1667,"date":"2026-02-12T16:48:07","date_gmt":"2026-02-12T16:48:07","guid":{"rendered":"https:\/\/eskigazeteci.com\/?p=1667"},"modified":"2026-02-12T16:48:07","modified_gmt":"2026-02-12T16:48:07","slug":"bakan-gurlek-slovenya-ulusal-meclis-baskani-zupancic-ile-gorustu","status":"publish","type":"post","link":"https:\/\/eskigazeteci.com\/?p=1667","title":{"rendered":"Bakan G\u00fcrlek, Slovenya Ulusal Meclis Ba\u015fkan\u0131 Zupancic ile g\u00f6r\u00fc\u015ft\u00fc"},"content":{"rendered":"<p>Adalet Bakan\u0131 G\u00fcrlek, Slovenya Ulusal Meclis Ba\u015fkan\u0131 Urska Klakocar Zupancic ile bakanl\u0131kta hem ikili hem de heyetler aras\u0131 g\u00f6r\u00fc\u015fme ger\u00e7ekle\u015ftirdi. G\u00f6r\u00fc\u015fmede konu\u015fan Bakan G\u00fcrlek, \u201cSlovenya ile siyasi, ekonomik ve k\u00fclt\u00fcrel alanlarda yap\u0131c\u0131 i\u015f birli\u011fi i\u00e7erisindeyiz. \u00dclkelerimiz aras\u0131ndaki dostane ba\u011flar her ge\u00e7en g\u00fcn daha da g\u00fc\u00e7lenerek art\u0131yor. Adalet alan\u0131ndaki i\u015f birli\u011fi ve ikili ili\u015fkilerimizin \u00f6nemli ve tamamlay\u0131c\u0131 bir boyutunu olu\u015fturuyor. Hukukun \u00fcst\u00fcnl\u00fc\u011f\u00fc, yarg\u0131 alan\u0131ndaki kar\u015f\u0131l\u0131kl\u0131 tecr\u00fcbe payla\u015f\u0131m\u0131, adli yard\u0131mla\u015fma ve uluslararas\u0131 s\u00f6zle\u015fmeler \u00e7er\u00e7evesinde i\u015f birli\u011fimizin geli\u015ftirilmesine b\u00fcy\u00fck \u00f6nem veriyoruz. Say\u0131n Ba\u015fkan, sizin hukuk\u00e7u kimli\u011finizi de g\u00f6z \u00f6n\u00fcnde tutarak son d\u00f6nemde hukuk sistemimizde yapm\u0131\u015f oldu\u011fumuz baz\u0131 reformlardan k\u0131saca size anlatmak istiyorum. Say\u0131n Cumhurba\u015fkan\u0131m\u0131z\u0131n \u00f6nderli\u011finde, 2025 ve 2029 y\u0131llar\u0131 aras\u0131nda 4&#x27;\u00fcnc\u00fc Yarg\u0131 Reformu Strateji Belgesini a\u00e7\u0131klayarak yarg\u0131 alan\u0131nda \u00f6nemli reformlar yapt\u0131k. Bu kapsamda 2025 y\u0131l\u0131 Aral\u0131k ay\u0131nda 11&#x27;inci Yarg\u0131 Paketini meclise sunduk. Halen 12&#x27;nci Yarg\u0131 Paketi \u00fczerinde \u00e7al\u0131\u015fmalar\u0131m\u0131z devam ediyor. Ayn\u0131 zamanda ceza adaletini g\u00fc\u00e7lendirmek, infaz ve yarg\u0131lama s\u00fcre\u00e7lerini daha etkin hale getirmek amac\u0131yla T\u00fcrk&#8230;<\/p>\n","protected":false},"excerpt":{"rendered":"<p>Adalet Bakan\u0131 Ak\u0131n G\u00fcrlek, Slovenya Ulusal Meclis Ba\u015fkan\u0131 Urska Klakocar Zupancic ile bir araya geldi.<\/p>\n","protected":false},"author":2,"featured_media":1666,"comment_status":"open","ping_status":"open","sticky":false,"template":"","format":"standard","meta":{"footnotes":""},"categories":[8,6,5],"tags":[],"class_list":["post-1667","post","type-post","status-publish","format-standard","has-post-thumbnail","hentry","category-arsiv","category-gundem","category-son-dakika"],"_links":{"self":[{"href":"https:\/\/eskigazeteci.com\/index.php?rest_route=\/wp\/v2\/posts\/1667","targetHints":{"allow":["GET"]}}],"collection":[{"href":"https:\/\/eskigazeteci.com\/index.php?rest_route=\/wp\/v2\/posts"}],"about":[{"href":"https:\/\/eskigazeteci.com\/index.php?rest_route=\/wp\/v2\/types\/post"}],"author":[{"embeddable":true,"href":"https:\/\/eskigazeteci.com\/index.php?rest_route=\/wp\/v2\/users\/2"}],"replies":[{"embeddable":true,"href":"https:\/\/eskigazeteci.com\/index.php?rest_route=%2Fwp%2Fv2%2Fcomments&post=1667"}],"version-history":[{"count":0,"href":"https:\/\/eskigazeteci.com\/index.php?rest_route=\/wp\/v2\/posts\/1667\/revisions"}],"wp:featuredmedia":[{"embeddable":true,"href":"https:\/\/eskigazeteci.com\/index.php?rest_route=\/wp\/v2\/media\/1666"}],"wp:attachment":[{"href":"https:\/\/eskigazeteci.com\/index.php?rest_route=%2Fwp%2Fv2%2Fmedia&parent=1667"}],"wp:term":[{"taxonomy":"category","embeddable":true,"href":"https:\/\/eskigazeteci.com\/index.php?rest_route=%2Fwp%2Fv2%2Fcategories&post=1667"},{"taxonomy":"post_tag","embeddable":true,"href":"https:\/\/eskigazeteci.com\/index.php?rest_route=%2Fwp%2Fv2%2Ftags&post=1667"}],"curies":[{"name":"wp","href":"https:\/\/api.w.org\/{rel}","templated":true}]}}