{"id":1665,"date":"2026-02-12T16:46:33","date_gmt":"2026-02-12T16:46:33","guid":{"rendered":"https:\/\/eskigazeteci.com\/?p=1665"},"modified":"2026-02-12T16:46:33","modified_gmt":"2026-02-12T16:46:33","slug":"msbden-steadfast-dart","status":"publish","type":"post","link":"https:\/\/eskigazeteci.com\/?p=1665","title":{"rendered":"MSB&#8217;den &#8216;Steadfast Dart"},"content":{"rendered":"<p>Milli Savunma Bakanl\u0131\u011f\u0131 \u2019n\u0131n (MSB) sanal medya hesab\u0131ndan yap\u0131lan videolu payla\u015f\u0131mda, \u201cSteadfast Dart-2026 NATO Tatbikat\u0131 i\u00e7in g\u00fc\u00e7l\u00fcy\u00fcz, cesuruz, haz\u0131r\u0131z\u201d ifadelerine yer verildi.<\/p>\n<p>Steadfast Dart-2026 NATO Tatbikat\u0131 i\u00e7in g\u00fc\u00e7l\u00fcy\u00fcz, cesuruz, haz\u0131r\u0131z! \ud83c\uddf9\ud83c\uddf7 We are strong, brave, and ready for the Steadfast Dart-2026 NATO Exercise! \ud83c\uddf9\ud83c\uddf7 #Mill\u00eeSavunmaBakanl\u0131\u011f\u0131 | #StrongerTogether | #WeAreNATO | #DeterAndDefend @NATO @SHAPE_NATO @NATOJFCBS @JFC_Naples pic.twitter.com\/vG6ywVqUhJ \u2014 T.C. Mill\u00ee Savunma Bakanl\u0131\u011f\u0131 (@tcsavunma) February 12, 2026<\/p>\n<p>Steadfast Dart-2026 NATO Tatbikat\u0131 i\u00e7in g\u00fc\u00e7l\u00fcy\u00fcz, cesuruz, haz\u0131r\u0131z! \ud83c\uddf9\ud83c\uddf7 We are strong, brave, and ready for the Steadfast Dart-2026 NATO Exercise! \ud83c\uddf9\ud83c\uddf7 #Mill\u00eeSavunmaBakanl\u0131\u011f\u0131 | #StrongerTogether | #WeAreNATO | #DeterAndDefend @NATO @SHAPE_NATO @NATOJFCBS @JFC_Naples pic.twitter.com\/vG6ywVqUhJ<\/p>\n<p>T\u00fcrkiye g\u00fcndeminden son dakika haberleri, bug\u00fcn ya\u015fanan en son geli\u015fmeler, siyaset g\u00fcndeminden g\u00fcncel haberler ve b\u00fct\u00fcn son dakika haberleri i\u00e7in H\u00fcrriyet&#x27;in internet haber sitesi hurriyet.com.tr; Hurriyet.com.tr haber i\u00e7erikleri kaynak g\u00f6sterilmeden al\u0131nt\u0131 yap\u0131lamaz, Kanuna ayk\u0131r\u0131 ve izinsiz olarak kopyalanamaz, ba\u015fka yerde yay\u0131nlanamaz.<\/p>\n","protected":false},"excerpt":{"rendered":"<p>Milli Savunma Bakanl\u0131\u011f\u0131, NATO kapsam\u0131nda ger\u00e7ekle\u015ftirilen &#8216;Steadfast Dart-2026&#8217; tatbikat\u0131na ili\u015fkin videolu payla\u015f\u0131m yapt\u0131.<\/p>\n","protected":false},"author":2,"featured_media":1664,"comment_status":"open","ping_status":"open","sticky":false,"template":"","format":"standard","meta":{"footnotes":""},"categories":[8,6,5],"tags":[],"class_list":["post-1665","post","type-post","status-publish","format-standard","has-post-thumbnail","hentry","category-arsiv","category-gundem","category-son-dakika"],"_links":{"self":[{"href":"https:\/\/eskigazeteci.com\/index.php?rest_route=\/wp\/v2\/posts\/1665","targetHints":{"allow":["GET"]}}],"collection":[{"href":"https:\/\/eskigazeteci.com\/index.php?rest_route=\/wp\/v2\/posts"}],"about":[{"href":"https:\/\/eskigazeteci.com\/index.php?rest_route=\/wp\/v2\/types\/post"}],"author":[{"embeddable":true,"href":"https:\/\/eskigazeteci.com\/index.php?rest_route=\/wp\/v2\/users\/2"}],"replies":[{"embeddable":true,"href":"https:\/\/eskigazeteci.com\/index.php?rest_route=%2Fwp%2Fv2%2Fcomments&post=1665"}],"version-history":[{"count":0,"href":"https:\/\/eskigazeteci.com\/index.php?rest_route=\/wp\/v2\/posts\/1665\/revisions"}],"wp:featuredmedia":[{"embeddable":true,"href":"https:\/\/eskigazeteci.com\/index.php?rest_route=\/wp\/v2\/media\/1664"}],"wp:attachment":[{"href":"https:\/\/eskigazeteci.com\/index.php?rest_route=%2Fwp%2Fv2%2Fmedia&parent=1665"}],"wp:term":[{"taxonomy":"category","embeddable":true,"href":"https:\/\/eskigazeteci.com\/index.php?rest_route=%2Fwp%2Fv2%2Fcategories&post=1665"},{"taxonomy":"post_tag","embeddable":true,"href":"https:\/\/eskigazeteci.com\/index.php?rest_route=%2Fwp%2Fv2%2Ftags&post=1665"}],"curies":[{"name":"wp","href":"https:\/\/api.w.org\/{rel}","templated":true}]}}