{"id":1657,"date":"2026-02-12T16:08:01","date_gmt":"2026-02-12T16:08:01","guid":{"rendered":"https:\/\/eskigazeteci.com\/?p=1657"},"modified":"2026-02-12T16:08:01","modified_gmt":"2026-02-12T16:08:01","slug":"trabzonsporda-fenerbahce-maci-mesaisi","status":"publish","type":"post","link":"https:\/\/eskigazeteci.com\/?p=1657","title":{"rendered":"Trabzonspor&#8217;da Fenerbah\u00e7e ma\u00e7\u0131 mesaisi!"},"content":{"rendered":"<p>Mehmet Ali Y\u0131lmaz Tesisleri&#x27;nin tek ba\u015flang\u0131c\u0131na ge\u00e7ti\u011fimizde, idman\u0131n ilk b\u00f6l\u00fcm\u00fcnde \u0131s\u0131nma \u00e7al\u0131\u015fmalar\u0131 yapt\u0131. Ard\u0131ndan rondo \u00e7al\u0131\u015fmas\u0131 yapan futbolcular, antrenman\u0131 taktik a\u011f\u0131rl\u0131kl\u0131 b\u00f6l\u00fcmlerde tamamlad\u0131.<\/p>\n","protected":false},"excerpt":{"rendered":"<p>Teknik Direkt\u00f6r Fatih Tekke y\u00f6netiminde idman\u0131n ilk b\u00f6l\u00fcm\u00fc antrenman\u0131 taktik a\u011f\u0131rl\u0131kl\u0131 b\u00f6l\u00fcmlerde tamamlan\u0131yor.<\/p>\n","protected":false},"author":2,"featured_media":1656,"comment_status":"open","ping_status":"open","sticky":false,"template":"","format":"standard","meta":{"footnotes":""},"categories":[8,5,7],"tags":[],"class_list":["post-1657","post","type-post","status-publish","format-standard","has-post-thumbnail","hentry","category-arsiv","category-son-dakika","category-spor"],"_links":{"self":[{"href":"https:\/\/eskigazeteci.com\/index.php?rest_route=\/wp\/v2\/posts\/1657","targetHints":{"allow":["GET"]}}],"collection":[{"href":"https:\/\/eskigazeteci.com\/index.php?rest_route=\/wp\/v2\/posts"}],"about":[{"href":"https:\/\/eskigazeteci.com\/index.php?rest_route=\/wp\/v2\/types\/post"}],"author":[{"embeddable":true,"href":"https:\/\/eskigazeteci.com\/index.php?rest_route=\/wp\/v2\/users\/2"}],"replies":[{"embeddable":true,"href":"https:\/\/eskigazeteci.com\/index.php?rest_route=%2Fwp%2Fv2%2Fcomments&post=1657"}],"version-history":[{"count":0,"href":"https:\/\/eskigazeteci.com\/index.php?rest_route=\/wp\/v2\/posts\/1657\/revisions"}],"wp:featuredmedia":[{"embeddable":true,"href":"https:\/\/eskigazeteci.com\/index.php?rest_route=\/wp\/v2\/media\/1656"}],"wp:attachment":[{"href":"https:\/\/eskigazeteci.com\/index.php?rest_route=%2Fwp%2Fv2%2Fmedia&parent=1657"}],"wp:term":[{"taxonomy":"category","embeddable":true,"href":"https:\/\/eskigazeteci.com\/index.php?rest_route=%2Fwp%2Fv2%2Fcategories&post=1657"},{"taxonomy":"post_tag","embeddable":true,"href":"https:\/\/eskigazeteci.com\/index.php?rest_route=%2Fwp%2Fv2%2Ftags&post=1657"}],"curies":[{"name":"wp","href":"https:\/\/api.w.org\/{rel}","templated":true}]}}