{"id":1651,"date":"2026-02-12T15:46:30","date_gmt":"2026-02-12T15:46:30","guid":{"rendered":"https:\/\/eskigazeteci.com\/?p=1651"},"modified":"2026-02-12T15:46:30","modified_gmt":"2026-02-12T15:46:30","slug":"umraniyede-durdona-khakimovanin-olduruldugu-evde-1-kadinin-daha-olduruldugu-ortaya-cikti","status":"publish","type":"post","link":"https:\/\/eskigazeteci.com\/?p=1651","title":{"rendered":"\u00dcmraniye&#8217;de Durdona Khak\u0131mova&#8217;n\u0131n \u00f6ld\u00fcr\u00fcld\u00fc\u011f\u00fc evde 1 kad\u0131n\u0131n daha \u00f6ld\u00fcr\u00fcld\u00fc\u011f\u00fc ortaya \u00e7\u0131kt\u0131"},"content":{"rendered":"<p>\u00d6zbekistan&#x27;dan 28 Aral\u0131k&#x27;ta T\u00fcrkiye&#x27;ye gelen Ergashalieva Sayyora (32)&#x27;dan 23 Ocak&#x27;tan beri ailesi haber alamad\u0131. Polise yap\u0131lan ihbar sonucu yap\u0131lan ara\u015ft\u0131rmalarda, Sayyora&#x27;n\u0131n en son \u00d6zbekistanl\u0131 Durdona Khak\u0131mova par\u00e7alanarak \u00f6ld\u00fcr\u00fcld\u00fc\u011f\u00fc evde kald\u0131\u011f\u0131 belirlendi. Ekipler kamera g\u00f6r\u00fcnt\u00fclerini inceleyerek yapt\u0131\u011f\u0131 \u00e7al\u0131\u015fmada, 23 Ocak&#x27;ta eve giren Sayyora&#x27;n\u0131n arkas\u0131ndan ayn\u0131 eve D.A.U.T. (31) ve G.A.K. (29)&#x27;nin de girdi\u011fi belirlendi.<\/p>\n<p>Yap\u0131lan ara\u015ft\u0131rmada Ergashalieva Sayyora&#x27; ve Durdona Khak\u0131mova ile D.A.U.T. ve G.A.K.&#x27;nin yakla\u015f\u0131k bir ay ayn\u0131 evde birlikte ya\u015fad\u0131klar\u0131, S.E. ile G.A.K.&#x27;nin ise sevgili olduklar\u0131 belirlendi.<\/p>\n<p>BEYAZ VAL\u0130ZLE AYRILDILAR<\/p>\n<p>G\u00fcvenlik kameralar\u0131n\u0131 inceleyen polis ekipleri 24 Ocak&#x27;ta \u015f\u00fcphelilerin evden defalarca siyah \u00e7\u00f6p torbalar\u0131yla \u00e7\u0131k\u0131\u015f yapt\u0131klar\u0131n\u0131, ard\u0131ndan beyaz renkli bir valizle adresten ayr\u0131ld\u0131klar\u0131 tespit edildi. \u015e\u00fcphelilerin ticari taksiyle Fatih&#x27;e geldikleri, valizdeki par\u00e7alar\u0131 bir \u00e7\u00f6p konteynerine b\u0131rakt\u0131ktan sonra yaya olarak Yenikap\u0131 Marmaray \u0130stasyonu&#x27;na gittikleri anla\u015f\u0131ld\u0131.<\/p>\n<p>CESED\u0130 PAR\u00c7ALAYARAK \u00c7\u00d6P KONTEYNERLER\u0130NE BIRAKTILAR<\/p>\n<p>Soru\u015fturma kapsam\u0131nda Durdona Khak\u0131mova cinayeti nedeniyle tutuklu bulunan D.A.U.T. ve G.A.K. ile yap\u0131lan&#8230;<\/p>\n","protected":false},"excerpt":{"rendered":"<p>\u015e\u0130\u015eL\u0130&#8217;de hurda toplay\u0131c\u0131 taraf\u0131ndan cesedi \u00e7\u00f6p konteynerinde bulunan \u00d6zbekistan uyruklu Durdona Khak\u0131mova&#8217;n\u0131n \u00f6ld\u00fcr\u00fcld\u00fc\u011f\u00fc \u00dcmraniye&#8217;deki evde yine&#8230;<\/p>\n","protected":false},"author":2,"featured_media":1650,"comment_status":"open","ping_status":"open","sticky":false,"template":"","format":"standard","meta":{"footnotes":""},"categories":[8,6,5],"tags":[],"class_list":["post-1651","post","type-post","status-publish","format-standard","has-post-thumbnail","hentry","category-arsiv","category-gundem","category-son-dakika"],"_links":{"self":[{"href":"https:\/\/eskigazeteci.com\/index.php?rest_route=\/wp\/v2\/posts\/1651","targetHints":{"allow":["GET"]}}],"collection":[{"href":"https:\/\/eskigazeteci.com\/index.php?rest_route=\/wp\/v2\/posts"}],"about":[{"href":"https:\/\/eskigazeteci.com\/index.php?rest_route=\/wp\/v2\/types\/post"}],"author":[{"embeddable":true,"href":"https:\/\/eskigazeteci.com\/index.php?rest_route=\/wp\/v2\/users\/2"}],"replies":[{"embeddable":true,"href":"https:\/\/eskigazeteci.com\/index.php?rest_route=%2Fwp%2Fv2%2Fcomments&post=1651"}],"version-history":[{"count":0,"href":"https:\/\/eskigazeteci.com\/index.php?rest_route=\/wp\/v2\/posts\/1651\/revisions"}],"wp:featuredmedia":[{"embeddable":true,"href":"https:\/\/eskigazeteci.com\/index.php?rest_route=\/wp\/v2\/media\/1650"}],"wp:attachment":[{"href":"https:\/\/eskigazeteci.com\/index.php?rest_route=%2Fwp%2Fv2%2Fmedia&parent=1651"}],"wp:term":[{"taxonomy":"category","embeddable":true,"href":"https:\/\/eskigazeteci.com\/index.php?rest_route=%2Fwp%2Fv2%2Fcategories&post=1651"},{"taxonomy":"post_tag","embeddable":true,"href":"https:\/\/eskigazeteci.com\/index.php?rest_route=%2Fwp%2Fv2%2Ftags&post=1651"}],"curies":[{"name":"wp","href":"https:\/\/api.w.org\/{rel}","templated":true}]}}