{"id":1649,"date":"2026-02-12T15:36:30","date_gmt":"2026-02-12T15:36:30","guid":{"rendered":"https:\/\/eskigazeteci.com\/?p=1649"},"modified":"2026-02-12T15:36:30","modified_gmt":"2026-02-12T15:36:30","slug":"ak-partiden-belediyelere-ramazan-genelgesi","status":"publish","type":"post","link":"https:\/\/eskigazeteci.com\/?p=1649","title":{"rendered":"AK Parti&#8217;den belediyelere ramazan genelgesi"},"content":{"rendered":"<p>AK Parti Yerel Y\u00f6netimler Ba\u015fkanl\u0131\u011f\u0131, yakla\u015fan ramazan \u00f6ncesi AK Partili belediyelere genelge g\u00f6nderdi.<\/p>\n<p>Genel Ba\u015fkan Yard\u0131mc\u0131s\u0131 ve Yerel Y\u00f6netimler Ba\u015fkan\u0131 Mustafa Demir imzas\u0131yla g\u00f6nderilen genelgede, ramazan\u0131n ruhuna uygun programlar d\u00fczenlenmesi, sosyal yard\u0131mlar\u0131n ihtiya\u00e7 sahiplerine ula\u015ft\u0131r\u0131lmas\u0131, milli ve manevi de\u011ferlere hassasiyet g\u00f6sterilmesi gerekti\u011fi vurguland\u0131.<\/p>\n<p>Ramazan\u0131n payla\u015fma, yard\u0131mla\u015fma ve dayan\u0131\u015fman\u0131n en g\u00fc\u00e7l\u00fc \u015fekilde ya\u015fand\u0131\u011f\u0131 m\u00fcstesna bir zaman dilimi oldu\u011fu belirtilen genelgede, AK Parti&#x27;nin milletin kurdu\u011fu bir hareket oldu\u011fu, AK Partili belediyelerin de bu anlay\u0131\u015fla ramazanda birlik ve beraberli\u011fin g\u00fc\u00e7lenmesine katk\u0131 sunacak \u00e7al\u0131\u015fmalar y\u00fcr\u00fctmesi gerekti\u011fi ifade edildi.<\/p>\n<p>Ramazanda, vatanda\u015flar\u0131n sa\u011fl\u0131kl\u0131 ve uygun fiyatl\u0131 \u00fcr\u00fcnlere ula\u015fabilmesi i\u00e7in belediyelerin t\u00fcm imkanlar\u0131n\u0131 seferber etmesi istenen genelgede, bu kapsamda, \u00f6zellikle g\u0131da g\u00fcvenli\u011fi, hijyen ve uygun fiyat uygulamalar\u0131na y\u00f6nelik denetimlerin ramazan boyunca daha da art\u0131r\u0131lmas\u0131n\u0131n \u00f6nemine i\u015faret edildi.<\/p>\n<p>Belediyelerin, marketler, pazar yerleri, f\u0131r\u0131nlar ve g\u0131da sat\u0131\u015f noktalar\u0131nda d\u00fczenli kontroller ger\u00e7ekle\u015ftirmesi talep edilen genelgede, vatanda\u015flar\u0131n ma\u011fduriyet ya\u015famamas\u0131 i\u00e7in gerekli&#8230;<\/p>\n","protected":false},"excerpt":{"rendered":"<p>AK Parti Yerel Y\u00f6netimler Ba\u015fkanl\u0131\u011f\u0131, AK Partili belediyelere g\u00f6nderdi\u011fi genelgede, ramazan\u0131n ruhuna uygun programlar yap\u0131lmas\u0131n\u0131, sosyal yard\u0131mlar\u0131n ihtiya\u00e7&#8230;<\/p>\n","protected":false},"author":2,"featured_media":1648,"comment_status":"open","ping_status":"open","sticky":false,"template":"","format":"standard","meta":{"footnotes":""},"categories":[8,6,5],"tags":[],"class_list":["post-1649","post","type-post","status-publish","format-standard","has-post-thumbnail","hentry","category-arsiv","category-gundem","category-son-dakika"],"_links":{"self":[{"href":"https:\/\/eskigazeteci.com\/index.php?rest_route=\/wp\/v2\/posts\/1649","targetHints":{"allow":["GET"]}}],"collection":[{"href":"https:\/\/eskigazeteci.com\/index.php?rest_route=\/wp\/v2\/posts"}],"about":[{"href":"https:\/\/eskigazeteci.com\/index.php?rest_route=\/wp\/v2\/types\/post"}],"author":[{"embeddable":true,"href":"https:\/\/eskigazeteci.com\/index.php?rest_route=\/wp\/v2\/users\/2"}],"replies":[{"embeddable":true,"href":"https:\/\/eskigazeteci.com\/index.php?rest_route=%2Fwp%2Fv2%2Fcomments&post=1649"}],"version-history":[{"count":0,"href":"https:\/\/eskigazeteci.com\/index.php?rest_route=\/wp\/v2\/posts\/1649\/revisions"}],"wp:featuredmedia":[{"embeddable":true,"href":"https:\/\/eskigazeteci.com\/index.php?rest_route=\/wp\/v2\/media\/1648"}],"wp:attachment":[{"href":"https:\/\/eskigazeteci.com\/index.php?rest_route=%2Fwp%2Fv2%2Fmedia&parent=1649"}],"wp:term":[{"taxonomy":"category","embeddable":true,"href":"https:\/\/eskigazeteci.com\/index.php?rest_route=%2Fwp%2Fv2%2Fcategories&post=1649"},{"taxonomy":"post_tag","embeddable":true,"href":"https:\/\/eskigazeteci.com\/index.php?rest_route=%2Fwp%2Fv2%2Ftags&post=1649"}],"curies":[{"name":"wp","href":"https:\/\/api.w.org\/{rel}","templated":true}]}}