{"id":1647,"date":"2026-02-12T15:09:33","date_gmt":"2026-02-12T15:09:33","guid":{"rendered":"https:\/\/eskigazeteci.com\/?p=1647"},"modified":"2026-02-12T15:09:33","modified_gmt":"2026-02-12T15:09:33","slug":"epstein-ile-iliskisi-ortaya-cikmisti-eski-basbakanin-evinde-arama-yapildi","status":"publish","type":"post","link":"https:\/\/eskigazeteci.com\/?p=1647","title":{"rendered":"Epstein ile ili\u015fkisi ortaya \u00e7\u0131km\u0131\u015ft\u0131: Eski ba\u015fbakan\u0131n evinde arama yap\u0131ld\u0131"},"content":{"rendered":"<p>ABD&#x27;de re\u015fit olmayan k\u0131z \u00e7ocuklar\u0131na y\u00f6nelik fuhu\u015f a\u011f\u0131 kurdu\u011fu iddias\u0131yla yarg\u0131land\u0131\u011f\u0131 s\u0131rada hapishanede \u00f6l\u00fc bulunan milyarder Jeffrey Epstein&#x27;a ili\u015fkin yeni belgelerin kamuoyuyla payla\u015f\u0131lmas\u0131 sonras\u0131 hakk\u0131nda soru\u015fturma a\u00e7\u0131lan Norve\u00e7&#x27;in eski Ba\u015fbakan\u0131 Thorbjorn Jagland\u2019\u0131n evinde arama yap\u0131ld\u0131\u011f\u0131 bildirildi.<\/p>\n<p>Norve\u00e7 &#x27;te yay\u0131n yapan VG gazetesinin haberine g\u00f6re, Norve\u00e7&#x27;teki ekonomik su\u00e7larla m\u00fccadele kurumu Okokrim, Jagland ile ba\u011flant\u0131l\u0131 birden fazla konutta arama yapt\u0131.<\/p>\n<p>Jagland\u2019\u0131n avukat\u0131 Anders Brosveet yapt\u0131\u011f\u0131 a\u00e7\u0131klamada, \u201cOkokrim, \u015fu anda Thorbjorn Jagland\u2019\u0131n evinde ve tatil m\u00fclklerinde arama yap\u0131yor. Bu beklenen bir durum ve bu t\u00fcr soru\u015fturmalarda ola\u011fan bir s\u00fcre\u00e7tir.\u201d ifadesini kulland\u0131.<\/p>\n<p>Arama yap\u0131lmas\u0131n\u0131n sonucu olarak Jagland\u2019\u0131n art\u0131k resmen \u015f\u00fcpheli stat\u00fcs\u00fcne sahip oldu\u011funu aktaran Brosveet, bir sonraki ad\u0131m olarak Jagland\u2019\u0131n Okokrim\u2019de ifade vermeye gidece\u011fini kaydetti.<\/p>\n<p>Brosveet, Jagland\u2019\u0131n davan\u0131n kapsaml\u0131 \u015fekilde ayd\u0131nlat\u0131lmas\u0131na katk\u0131da bulunmak istedi\u011fini belirtti.<\/p>\n<p>Jagland\u2019\u0131n konutundan \u00e7\u0131kan yetkililerin, yanlar\u0131nda el konulan e\u015fyalar i\u00e7in kutular ta\u015f\u0131d\u0131\u011f\u0131 g\u00f6r\u00fcld\u00fc.<\/p>\n<p>Okokrim, Epstein belgelerinde ad\u0131 ge\u00e7en diplomatlara y\u00f6nelik soru\u015fturma a\u00e7\u0131ld\u0131\u011f\u0131n\u0131 duyurmu\u015ftu. Bu&#8230;<\/p>\n","protected":false},"excerpt":{"rendered":"<p>Norve\u00e7&#8217;te, Epstein ile ili\u015fkisi ortaya \u00e7\u0131kan eski Ba\u015fbakan Jagland\u2019\u0131n evinde arama yap\u0131ld\u0131. Jagland\u2019\u0131n avukat\u0131 Anders Brosveet, konuya ili\u015fkin Bu beklenen&#8230;<\/p>\n","protected":false},"author":2,"featured_media":1646,"comment_status":"open","ping_status":"open","sticky":false,"template":"","format":"standard","meta":{"footnotes":""},"categories":[8,6,5],"tags":[],"class_list":["post-1647","post","type-post","status-publish","format-standard","has-post-thumbnail","hentry","category-arsiv","category-gundem","category-son-dakika"],"_links":{"self":[{"href":"https:\/\/eskigazeteci.com\/index.php?rest_route=\/wp\/v2\/posts\/1647","targetHints":{"allow":["GET"]}}],"collection":[{"href":"https:\/\/eskigazeteci.com\/index.php?rest_route=\/wp\/v2\/posts"}],"about":[{"href":"https:\/\/eskigazeteci.com\/index.php?rest_route=\/wp\/v2\/types\/post"}],"author":[{"embeddable":true,"href":"https:\/\/eskigazeteci.com\/index.php?rest_route=\/wp\/v2\/users\/2"}],"replies":[{"embeddable":true,"href":"https:\/\/eskigazeteci.com\/index.php?rest_route=%2Fwp%2Fv2%2Fcomments&post=1647"}],"version-history":[{"count":0,"href":"https:\/\/eskigazeteci.com\/index.php?rest_route=\/wp\/v2\/posts\/1647\/revisions"}],"wp:featuredmedia":[{"embeddable":true,"href":"https:\/\/eskigazeteci.com\/index.php?rest_route=\/wp\/v2\/media\/1646"}],"wp:attachment":[{"href":"https:\/\/eskigazeteci.com\/index.php?rest_route=%2Fwp%2Fv2%2Fmedia&parent=1647"}],"wp:term":[{"taxonomy":"category","embeddable":true,"href":"https:\/\/eskigazeteci.com\/index.php?rest_route=%2Fwp%2Fv2%2Fcategories&post=1647"},{"taxonomy":"post_tag","embeddable":true,"href":"https:\/\/eskigazeteci.com\/index.php?rest_route=%2Fwp%2Fv2%2Ftags&post=1647"}],"curies":[{"name":"wp","href":"https:\/\/api.w.org\/{rel}","templated":true}]}}