{"id":1645,"date":"2026-02-12T15:08:01","date_gmt":"2026-02-12T15:08:01","guid":{"rendered":"https:\/\/eskigazeteci.com\/?p=1645"},"modified":"2026-02-12T15:08:01","modified_gmt":"2026-02-12T15:08:01","slug":"survivor-eleme-adayi-kim-oldu-11-subat-2026-carsamba-son-bolum","status":"publish","type":"post","link":"https:\/\/eskigazeteci.com\/?p=1645","title":{"rendered":"SURV\u0130VOR ELEME ADAYI K\u0130M OLDU (11 \u015eUBAT 2026 \u00c7AR\u015eAMBA- SON B\u00d6L\u00dcM)"},"content":{"rendered":"<p>Survivor eleme potas\u0131na giren 1. isim ve dokunulmazl\u0131k oyununu hangi tak\u0131m\u0131n kazand\u0131\u011f\u0131 11 \u015eubat 2026 \u00c7ar\u015famba ak\u015fam\u0131 netlik kazand\u0131. Tv8 ekranlar\u0131nda 11 \u015eubat tarihinde yay\u0131nlanan Survivor&#x27;da yar\u0131\u015fmac\u0131lar dokunulmazl\u0131k oyunu i\u00e7in parkura \u00e7\u0131kt\u0131. Nefes kesen m\u00fccadele sonucu 1. dokunulmazl\u0131\u011f\u0131 G\u00f6n\u00fcll\u00fcler tak\u0131m\u0131 kazan\u0131rken, Survivor haftan\u0131n ilk eleme aday\u0131 \u00dcnl\u00fcler tak\u0131m\u0131ndan se\u00e7ildi. Konseyde Nigan&#x27;\u0131n Deniz ve Seren Ay ile ilgili s\u00f6ylemleri ise dikkat \u00e7ekti. Peki, d\u00fcn ak\u015fam Survivor eleme aday\u0131 kim oldu? Survivor potaya kim gitti, dokunulmazl\u0131\u011f\u0131 hangi tak\u0131m kazand\u0131? \u0130\u015fte, son b\u00f6l\u00fcmde ya\u015fananlar.<\/p>\n<p>Survivor eleme potas\u0131na giren 1. isim ve dokunulmazl\u0131k oyununu hangi tak\u0131m\u0131n kazand\u0131\u011f\u0131 11 \u015eubat 2026 \u00c7ar\u015famba ak\u015fam\u0131 netlik kazand\u0131. Tv8 ekranlar\u0131nda 11 \u015eubat tarihinde yay\u0131nlanan Survivor&#x27;da yar\u0131\u015fmac\u0131lar dokunulmazl\u0131k oyunu i\u00e7in parkura \u00e7\u0131kt\u0131. Nefes kesen m\u00fccadele sonucu 1. dokunulmazl\u0131\u011f\u0131 G\u00f6n\u00fcll\u00fcler tak\u0131m\u0131 kazan\u0131rken, Survivor haftan\u0131n ilk eleme aday\u0131 \u00dcnl\u00fcler tak\u0131m\u0131ndan se\u00e7ildi. Konseyde Nigan&#x27;\u0131n Deniz ve Seren Ay ile ilgili s\u00f6ylemleri ise dikkat \u00e7ekti. Peki, d\u00fcn ak\u015fam Survivor eleme aday\u0131 kim oldu? Survivor potaya kim gitti, dokunulmazl\u0131\u011f\u0131 hangi tak\u0131m kazand\u0131? \u0130\u015fte, son b\u00f6l\u00fcmde&#8230;<\/p>\n","protected":false},"excerpt":{"rendered":"<p>Son b\u00f6l\u00fcmde Survivor eleme aday\u0131 11 \u015eubat 2026 \u00c7ar\u015famba ak\u015fam\u0131, ada konseyinde yap\u0131lan oylama sonucu yan\u0131t buldu. Tansiyonun ve heyecan\u0131n giderek artt\u0131\u011f\u0131&#8230;<\/p>\n","protected":false},"author":2,"featured_media":1644,"comment_status":"open","ping_status":"open","sticky":false,"template":"","format":"standard","meta":{"footnotes":""},"categories":[8,6,5],"tags":[],"class_list":["post-1645","post","type-post","status-publish","format-standard","has-post-thumbnail","hentry","category-arsiv","category-gundem","category-son-dakika"],"_links":{"self":[{"href":"https:\/\/eskigazeteci.com\/index.php?rest_route=\/wp\/v2\/posts\/1645","targetHints":{"allow":["GET"]}}],"collection":[{"href":"https:\/\/eskigazeteci.com\/index.php?rest_route=\/wp\/v2\/posts"}],"about":[{"href":"https:\/\/eskigazeteci.com\/index.php?rest_route=\/wp\/v2\/types\/post"}],"author":[{"embeddable":true,"href":"https:\/\/eskigazeteci.com\/index.php?rest_route=\/wp\/v2\/users\/2"}],"replies":[{"embeddable":true,"href":"https:\/\/eskigazeteci.com\/index.php?rest_route=%2Fwp%2Fv2%2Fcomments&post=1645"}],"version-history":[{"count":0,"href":"https:\/\/eskigazeteci.com\/index.php?rest_route=\/wp\/v2\/posts\/1645\/revisions"}],"wp:featuredmedia":[{"embeddable":true,"href":"https:\/\/eskigazeteci.com\/index.php?rest_route=\/wp\/v2\/media\/1644"}],"wp:attachment":[{"href":"https:\/\/eskigazeteci.com\/index.php?rest_route=%2Fwp%2Fv2%2Fmedia&parent=1645"}],"wp:term":[{"taxonomy":"category","embeddable":true,"href":"https:\/\/eskigazeteci.com\/index.php?rest_route=%2Fwp%2Fv2%2Fcategories&post=1645"},{"taxonomy":"post_tag","embeddable":true,"href":"https:\/\/eskigazeteci.com\/index.php?rest_route=%2Fwp%2Fv2%2Ftags&post=1645"}],"curies":[{"name":"wp","href":"https:\/\/api.w.org\/{rel}","templated":true}]}}