{"id":1643,"date":"2026-02-12T15:06:28","date_gmt":"2026-02-12T15:06:28","guid":{"rendered":"https:\/\/eskigazeteci.com\/?p=1643"},"modified":"2026-02-12T15:06:28","modified_gmt":"2026-02-12T15:06:28","slug":"kayseri-ramazan-imsakiyesi-diyanet","status":"publish","type":"post","link":"https:\/\/eskigazeteci.com\/?p=1643","title":{"rendered":"KAYSER\u0130 RAMAZAN \u0130MSAK\u0130YES\u0130 (D\u0130YANET)"},"content":{"rendered":"<p>Namaz vakitlerini H\u00fcrriyet uygulamas\u0131 ile takip edin!<\/p>\n<p>H\u00fcrriyet App<\/p>\n<p>Web<\/p>\n<p>Kayseri 2026 Ramazan imsakiyesi yay\u0131mland\u0131. Diyanet Kayseri imsakiyesi ile sahur (imsak) vakti ve iftar saati de netlik kazand\u0131. On bir ay\u0131n sultan\u0131 Ramazan, bu sene 19 \u015eubat 2026 Per\u015fembe g\u00fcn\u00fc tutulan ilk oru\u00e7la ba\u015flayacak. Oru\u00e7 ibadetini yerine getirecekler de &#x27;Kayseri sahur (imsak) vakti ne zaman, iftar saat ka\u00e7ta&#x27; aramalar\u0131na odakland\u0131. Diyanet Ramazan \u0130msakiyesi 2026 ile Kayseri sahur ve iftar vakitleri ile saat bilgisi detayl\u0131 olarak g\u00f6r\u00fcnt\u00fclenebilecek. Peki Kayseri&#x27;de ilk sahur ne zaman, iftar saat ka\u00e7ta yap\u0131lacak? \u0130\u015fte Kayseri sahur vakti ve sabah ezan\u0131 saati 2026!<\/p>\n<p>G\u00fcn Tarih \u0130msak (Sahur) G\u00fcne\u015f \u00d6\u011fle \u0130kindi Ak\u015fam (\u0130ftar) Yats\u0131 (Teravih) 1 19.02.2026 05:56 07:18 12:57 15:57 18:26 19:43 2 20.02.2026 05:54 07:16 12:57 15:58 18:27 19:44 3 21.02.2026 05:53 07:15 12:57 15:59 18:28 19:45 4 22.02.2026 05:52 07:14 12:57 16:00 18:30 19:46 5 23.02.2026 05:51 07:12 12:56 16:00 18:31 19:47 6 24.02.2026 05:49 07:11 12:56 16:01 18:32 19:48 7 25.02.2026 05:48 07:10 12:56 16:02 18:33 19:49 8 26.02.2026 05:47 07:08 12:56 16:03 18:34 19:50 9 27.02.2026 05:45 07:07 12:56 16:03 18:35 19:51 10 28.02.2026 05:44 07:05 12:56&#8230;<\/p>\n","protected":false},"excerpt":{"rendered":"<p>Kayseri ilk sahur ve iftar saati, 2026 Diyanet Ramazan takvimi ile belli oldu. M\u00fcbarek Ramazan ay\u0131na say\u0131l\u0131 g\u00fcnler kald\u0131. Bu sene ilk sahur 18 \u015eubat&#8217;\u0131 19&#8230;<\/p>\n","protected":false},"author":2,"featured_media":1642,"comment_status":"open","ping_status":"open","sticky":false,"template":"","format":"standard","meta":{"footnotes":""},"categories":[8,6,5],"tags":[],"class_list":["post-1643","post","type-post","status-publish","format-standard","has-post-thumbnail","hentry","category-arsiv","category-gundem","category-son-dakika"],"_links":{"self":[{"href":"https:\/\/eskigazeteci.com\/index.php?rest_route=\/wp\/v2\/posts\/1643","targetHints":{"allow":["GET"]}}],"collection":[{"href":"https:\/\/eskigazeteci.com\/index.php?rest_route=\/wp\/v2\/posts"}],"about":[{"href":"https:\/\/eskigazeteci.com\/index.php?rest_route=\/wp\/v2\/types\/post"}],"author":[{"embeddable":true,"href":"https:\/\/eskigazeteci.com\/index.php?rest_route=\/wp\/v2\/users\/2"}],"replies":[{"embeddable":true,"href":"https:\/\/eskigazeteci.com\/index.php?rest_route=%2Fwp%2Fv2%2Fcomments&post=1643"}],"version-history":[{"count":0,"href":"https:\/\/eskigazeteci.com\/index.php?rest_route=\/wp\/v2\/posts\/1643\/revisions"}],"wp:featuredmedia":[{"embeddable":true,"href":"https:\/\/eskigazeteci.com\/index.php?rest_route=\/wp\/v2\/media\/1642"}],"wp:attachment":[{"href":"https:\/\/eskigazeteci.com\/index.php?rest_route=%2Fwp%2Fv2%2Fmedia&parent=1643"}],"wp:term":[{"taxonomy":"category","embeddable":true,"href":"https:\/\/eskigazeteci.com\/index.php?rest_route=%2Fwp%2Fv2%2Fcategories&post=1643"},{"taxonomy":"post_tag","embeddable":true,"href":"https:\/\/eskigazeteci.com\/index.php?rest_route=%2Fwp%2Fv2%2Ftags&post=1643"}],"curies":[{"name":"wp","href":"https:\/\/api.w.org\/{rel}","templated":true}]}}