{"id":1641,"date":"2026-02-12T14:58:01","date_gmt":"2026-02-12T14:58:01","guid":{"rendered":"https:\/\/eskigazeteci.com\/?p=1641"},"modified":"2026-02-12T14:58:01","modified_gmt":"2026-02-12T14:58:01","slug":"cigkofteciye-akilalmaz-iftira-o-anlar-saniye-saniye-kameraya-yansidi","status":"publish","type":"post","link":"https:\/\/eskigazeteci.com\/?p=1641","title":{"rendered":"\u00c7i\u011fk\u00f6fteciye ak\u0131lalmaz iftira: O anlar saniye saniye kameraya yans\u0131d\u0131"},"content":{"rendered":"<p>Olay, d\u00fcn ak\u015fam saatlerinde Ata\u015fehir Mahallesi\u2019ndeki bir \u00e7i\u011f k\u00f6ftecide meydana geldi. \u0130\u015f yerine gelen ki\u015fi, \u00e7i\u011f k\u00f6fte d\u00fcr\u00fcm sipari\u015fi verdi. Gelen d\u00fcr\u00fcm\u00fc alan ki\u015fi, sakal\u0131ndan kopard\u0131\u011f\u0131 k\u0131llar\u0131 i\u00e7ine koyarak \u00e7al\u0131\u015fana g\u00f6sterdi. \u00c7al\u0131\u015fan\u0131n, \u2018K\u0131l nerede\u2019 demesi \u00fczerine arkas\u0131n\u0131 d\u00f6nen ki\u015fi, bu kez de g\u00f6\u011fs\u00fcnden kopard\u0131\u011f\u0131 k\u0131l\u0131 pe\u00e7eteye koyarak g\u00f6sterdi.<\/p>\n<p>G\u00fcvenlik kameras\u0131na yans\u0131yan olayda, i\u015f yeri sahibinin \u2018Yeni bir d\u00fcr\u00fcm haz\u0131rlayal\u0131m\u2019 teklifini de reddeden ki\u015fi, d\u00fcr\u00fcm\u00fc b\u0131rak\u0131p, \u00fccret \u00f6demeden i\u015f yerinden ayr\u0131ld\u0131.<\/p>\n<p>T\u00fcrkiye g\u00fcndeminden son dakika haberleri, bug\u00fcn ya\u015fanan en son geli\u015fmeler, siyaset g\u00fcndeminden g\u00fcncel haberler ve b\u00fct\u00fcn son dakika haberleri i\u00e7in H\u00fcrriyet&#x27;in internet haber sitesi hurriyet.com.tr; Hurriyet.com.tr haber i\u00e7erikleri kaynak g\u00f6sterilmeden al\u0131nt\u0131 yap\u0131lamaz, Kanuna ayk\u0131r\u0131 ve izinsiz olarak kopyalanamaz, ba\u015fka yerde yay\u0131nlanamaz.<\/p>\n","protected":false},"excerpt":{"rendered":"<p>Elaz\u0131\u011f\u2019da bir ki\u015fi, gitti\u011fi \u00e7i\u011f k\u00f6fte d\u00fckkan\u0131nda sipari\u015f etti\u011fi d\u00fcr\u00fcm\u00fcn i\u00e7ine sakal\u0131ndan kopard\u0131\u011f\u0131 k\u0131llar\u0131 koydu. K\u0131llar\u0131 \u00e7al\u0131\u015fana g\u00f6steren m\u00fc\u015fteri, durumu&#8230;<\/p>\n","protected":false},"author":2,"featured_media":1640,"comment_status":"open","ping_status":"open","sticky":false,"template":"","format":"standard","meta":{"footnotes":""},"categories":[8,6,5],"tags":[],"class_list":["post-1641","post","type-post","status-publish","format-standard","has-post-thumbnail","hentry","category-arsiv","category-gundem","category-son-dakika"],"_links":{"self":[{"href":"https:\/\/eskigazeteci.com\/index.php?rest_route=\/wp\/v2\/posts\/1641","targetHints":{"allow":["GET"]}}],"collection":[{"href":"https:\/\/eskigazeteci.com\/index.php?rest_route=\/wp\/v2\/posts"}],"about":[{"href":"https:\/\/eskigazeteci.com\/index.php?rest_route=\/wp\/v2\/types\/post"}],"author":[{"embeddable":true,"href":"https:\/\/eskigazeteci.com\/index.php?rest_route=\/wp\/v2\/users\/2"}],"replies":[{"embeddable":true,"href":"https:\/\/eskigazeteci.com\/index.php?rest_route=%2Fwp%2Fv2%2Fcomments&post=1641"}],"version-history":[{"count":0,"href":"https:\/\/eskigazeteci.com\/index.php?rest_route=\/wp\/v2\/posts\/1641\/revisions"}],"wp:featuredmedia":[{"embeddable":true,"href":"https:\/\/eskigazeteci.com\/index.php?rest_route=\/wp\/v2\/media\/1640"}],"wp:attachment":[{"href":"https:\/\/eskigazeteci.com\/index.php?rest_route=%2Fwp%2Fv2%2Fmedia&parent=1641"}],"wp:term":[{"taxonomy":"category","embeddable":true,"href":"https:\/\/eskigazeteci.com\/index.php?rest_route=%2Fwp%2Fv2%2Fcategories&post=1641"},{"taxonomy":"post_tag","embeddable":true,"href":"https:\/\/eskigazeteci.com\/index.php?rest_route=%2Fwp%2Fv2%2Ftags&post=1641"}],"curies":[{"name":"wp","href":"https:\/\/api.w.org\/{rel}","templated":true}]}}