{"id":1639,"date":"2026-02-12T14:56:29","date_gmt":"2026-02-12T14:56:29","guid":{"rendered":"https:\/\/eskigazeteci.com\/?p=1639"},"modified":"2026-02-12T14:56:29","modified_gmt":"2026-02-12T14:56:29","slug":"unlu-sunucu-44-yasinda-dogum-yapti-anne-oldum-sayin-seyirciler","status":"publish","type":"post","link":"https:\/\/eskigazeteci.com\/?p=1639","title":{"rendered":"\u00dcnl\u00fc sunucu 44 ya\u015f\u0131nda do\u011fum yapt\u0131: Anne oldum say\u0131n seyirciler!"},"content":{"rendered":"<p>Hayat\u0131n\u0131n en mutlu d\u00f6nemlerinden birini ya\u015fayan bu \u00fcnl\u00fc sunucu Emma Vardy.<\/p>\n<p>BBC kanal\u0131n\u0131n Breakfast (Kahvalt\u0131) program\u0131n\u0131 sunan Vardy ile kocas\u0131 Aaron Adams , ikinci erkek evlatlar\u0131na da kavu\u015ftu.<\/p>\n<p>2022 y\u0131l\u0131nda evlenen ve bir y\u0131l sonra Jago Fionn adl\u0131 bir erkek evlatlar\u0131 d\u00fcnyaya gelen \u00e7ift, \u00f6nceki g\u00fcn de ikinci bebeklerini kucaklar\u0131na ald\u0131.<\/p>\n<p>Emma Vardy, ad\u0131n\u0131n Rocky Beau oldu\u011funu a\u00e7\u0131klad\u0131\u011f\u0131 o\u011fluyla hastane yata\u011f\u0131nda verdi\u011fi pozlar\u0131 Instagram sayfas\u0131ndan payla\u015ft\u0131.<\/p>\n<p>Manchester kentindeki do\u011fum merkezinde bebe\u011fini d\u00fcnyaya getiren Vardy, kendisine destek olan b\u00fct\u00fcn sa\u011fl\u0131k personeline te\u015fekk\u00fcr etti.<\/p>\n<p>Mutlu anne yeni do\u011fan bebe\u011fe de b\u00fct\u00fcn bir aile olarak &quot;a\u015f\u0131k olduklar\u0131n\u0131&quot; belirtti.<\/p>\n<p>Hamileli\u011fi s\u00fcresince g\u00f6revinin ba\u015f\u0131nda olan Emma Vardy, bundan 10 g\u00fcn \u00f6nce ekrana ge\u00e7ici olarak veda edece\u011fini a\u00e7\u0131klam\u0131\u015ft\u0131.<\/p>\n<p>Emma Vardy&#x27;nin program\u0131 birlikte sundu\u011fu meslekta\u015f\u0131 Roger Johnson onun payla\u015f\u0131mlar\u0131n\u0131 ilk be\u011fenen ve kutlayanlardan biri oldu. Ekip arkada\u015f\u0131na &quot;Keyfini \u00e7\u0131kar, iyi \u015fanslar&quot; diye yazd\u0131.<\/p>\n<p>Emma da ona &quot;Geri d\u00f6nece\u011fim&#8230; Yak\u0131nda g\u00f6r\u00fc\u015f\u00fcr\u00fcz&quot; diye yan\u0131t verdi.<\/p>\n<p>Emma Vardy ve kocas\u0131 Aaron 2021 y\u0131l\u0131nda ni\u015fanland\u0131. Bir y\u0131l sonra da evlendiler. \u00c7ift, ilk bebeklerini de 2023 y\u0131l\u0131nda kucaklar\u0131na&#8230;<\/p>\n","protected":false},"excerpt":{"rendered":"<p>\u00dcnl\u00fc sunucu hayat\u0131n\u0131n en g\u00fczel haberini verdi&#8230; Sabah ekranlar\u0131n\u0131n y\u0131ld\u0131z\u0131 olan sunucu, 44 ya\u015f\u0131nda ikinci kez anne oldu. Mutlu haberi de sosyal medya&#8230;<\/p>\n","protected":false},"author":2,"featured_media":1638,"comment_status":"open","ping_status":"open","sticky":false,"template":"","format":"standard","meta":{"footnotes":""},"categories":[8,6,5],"tags":[],"class_list":["post-1639","post","type-post","status-publish","format-standard","has-post-thumbnail","hentry","category-arsiv","category-gundem","category-son-dakika"],"_links":{"self":[{"href":"https:\/\/eskigazeteci.com\/index.php?rest_route=\/wp\/v2\/posts\/1639","targetHints":{"allow":["GET"]}}],"collection":[{"href":"https:\/\/eskigazeteci.com\/index.php?rest_route=\/wp\/v2\/posts"}],"about":[{"href":"https:\/\/eskigazeteci.com\/index.php?rest_route=\/wp\/v2\/types\/post"}],"author":[{"embeddable":true,"href":"https:\/\/eskigazeteci.com\/index.php?rest_route=\/wp\/v2\/users\/2"}],"replies":[{"embeddable":true,"href":"https:\/\/eskigazeteci.com\/index.php?rest_route=%2Fwp%2Fv2%2Fcomments&post=1639"}],"version-history":[{"count":0,"href":"https:\/\/eskigazeteci.com\/index.php?rest_route=\/wp\/v2\/posts\/1639\/revisions"}],"wp:featuredmedia":[{"embeddable":true,"href":"https:\/\/eskigazeteci.com\/index.php?rest_route=\/wp\/v2\/media\/1638"}],"wp:attachment":[{"href":"https:\/\/eskigazeteci.com\/index.php?rest_route=%2Fwp%2Fv2%2Fmedia&parent=1639"}],"wp:term":[{"taxonomy":"category","embeddable":true,"href":"https:\/\/eskigazeteci.com\/index.php?rest_route=%2Fwp%2Fv2%2Fcategories&post=1639"},{"taxonomy":"post_tag","embeddable":true,"href":"https:\/\/eskigazeteci.com\/index.php?rest_route=%2Fwp%2Fv2%2Ftags&post=1639"}],"curies":[{"name":"wp","href":"https:\/\/api.w.org\/{rel}","templated":true}]}}