{"id":1637,"date":"2026-02-12T14:50:34","date_gmt":"2026-02-12T14:50:34","guid":{"rendered":"https:\/\/eskigazeteci.com\/?p=1637"},"modified":"2026-02-12T14:50:34","modified_gmt":"2026-02-12T14:50:34","slug":"recep-tayyip-erdogan-ve-aleksandar-vucic-turkiye-ve-sirbistan%e4%b9%8b%e9%97%b4","status":"publish","type":"post","link":"https:\/\/eskigazeteci.com\/?p=1637","title":{"rendered":"Recep Tayyip Erdo\u011fan ve Aleksandar Vucic: T\u00fcrkiye ve S\u0131rbistan\u4e4b\u95f4"},"content":{"rendered":"<p>Cumhurba\u015fkan\u0131 Recep Tayyip Erdo\u011fan, T\u00fcrkiye&#x27;ye ziyaret eden S\u0131rp Cumhurba\u015fkan\u0131 Aleksandar Vucic ile Cumhurba\u015fkanl\u0131\u011f\u0131 K\u00fclliyesinde bir araya geldi.<\/p>\n","protected":false},"excerpt":{"rendered":"<p>Erdo\u011fan ve Vucic\ub294 Cumhurba\u015fkanl\u0131\u011f\u0131 K\u00fclliyesinde \ub9cc\ub098<\/p>\n","protected":false},"author":2,"featured_media":1636,"comment_status":"open","ping_status":"open","sticky":false,"template":"","format":"standard","meta":{"footnotes":""},"categories":[8,6,5],"tags":[],"class_list":["post-1637","post","type-post","status-publish","format-standard","has-post-thumbnail","hentry","category-arsiv","category-gundem","category-son-dakika"],"_links":{"self":[{"href":"https:\/\/eskigazeteci.com\/index.php?rest_route=\/wp\/v2\/posts\/1637","targetHints":{"allow":["GET"]}}],"collection":[{"href":"https:\/\/eskigazeteci.com\/index.php?rest_route=\/wp\/v2\/posts"}],"about":[{"href":"https:\/\/eskigazeteci.com\/index.php?rest_route=\/wp\/v2\/types\/post"}],"author":[{"embeddable":true,"href":"https:\/\/eskigazeteci.com\/index.php?rest_route=\/wp\/v2\/users\/2"}],"replies":[{"embeddable":true,"href":"https:\/\/eskigazeteci.com\/index.php?rest_route=%2Fwp%2Fv2%2Fcomments&post=1637"}],"version-history":[{"count":0,"href":"https:\/\/eskigazeteci.com\/index.php?rest_route=\/wp\/v2\/posts\/1637\/revisions"}],"wp:featuredmedia":[{"embeddable":true,"href":"https:\/\/eskigazeteci.com\/index.php?rest_route=\/wp\/v2\/media\/1636"}],"wp:attachment":[{"href":"https:\/\/eskigazeteci.com\/index.php?rest_route=%2Fwp%2Fv2%2Fmedia&parent=1637"}],"wp:term":[{"taxonomy":"category","embeddable":true,"href":"https:\/\/eskigazeteci.com\/index.php?rest_route=%2Fwp%2Fv2%2Fcategories&post=1637"},{"taxonomy":"post_tag","embeddable":true,"href":"https:\/\/eskigazeteci.com\/index.php?rest_route=%2Fwp%2Fv2%2Ftags&post=1637"}],"curies":[{"name":"wp","href":"https:\/\/api.w.org\/{rel}","templated":true}]}}