{"id":1635,"date":"2026-02-12T14:49:30","date_gmt":"2026-02-12T14:49:30","guid":{"rendered":"https:\/\/eskigazeteci.com\/?p=1635"},"modified":"2026-02-12T14:49:30","modified_gmt":"2026-02-12T14:49:30","slug":"israilde-gizli-toplanti-gundem-turkiye-dort-ulke-birlesti","status":"publish","type":"post","link":"https:\/\/eskigazeteci.com\/?p=1635","title":{"rendered":"\u0130srail&#8217;de gizli toplant\u0131! G\u00fcndem: T\u00fcrkiye&#8230; &#8216;D\u00f6rt \u00fclke birle\u015fti&#8217;"},"content":{"rendered":"<p>\u0130srail Meclisi, Do\u011fu Akdeniz&#x27;deki T\u00fcrkiye etkisine kar\u015f\u0131 ger\u00e7ekle\u015ftirilen gizli bir toplant\u0131ya ev sahipli\u011fi yapt\u0131.<\/p>\n<p>\u0130srail gazetesi Maariv\u2019in \u201cD\u00f6rt \u00fclke T\u00fcrkiye\u2019ye kar\u015f\u0131 birle\u015fti\u201d ba\u015fl\u0131kl\u0131 haberinde; \u0130srail, ABD, Yunanistan ve G\u00fcney K\u0131br\u0131s Rum Kesimi&#x27;nden (GKRY) milletvekillerinin ger\u00e7ekle\u015ftirdi\u011fi toplant\u0131n\u0131n detaylar\u0131na yer verildi.<\/p>\n<p>Haberde, T\u00fcrkiye\u2019nin b\u00f6lgedeki etkisine kar\u015f\u0131 \u0130srail, Yunanistan, GKRY ve ABD aras\u0131nda Do\u011fu Akdeniz \u0130ttifak\u0131\u2019n\u0131n g\u00fc\u00e7lendirilmesinin ele al\u0131nd\u0131\u011f\u0131 belirtildi.<\/p>\n<p>Y\u00dcKSELEN G\u00dc\u00c7 T\u00dcRK\u0130YE<\/p>\n<p>Toplant\u0131ya \u0130srail Meclisi \u00fcyeleri, temsilciler ve uzmanlar kat\u0131ld\u0131. G\u00f6r\u00fc\u015fmelerde T\u00fcrkiye\u2019nin b\u00f6lgede etkin bir g\u00fc\u00e7 olarak y\u00fckseli\u015fi ile \u00fclkeler aras\u0131ndaki i\u015f birli\u011finin g\u00fcvenlik, ekonomik ve siyasi sonu\u00e7lar\u0131 kapsaml\u0131 \u015fekilde de\u011ferlendirildi.<\/p>\n<p>\u0130srailli Milletvekili Ohad Tal, toplant\u0131da yapt\u0131\u011f\u0131 konu\u015fmada, &quot;7 Ekim\u2019den bu yana b\u00f6lgemizde M\u00fcsl\u00fcman Ekseni\u2019nin y\u00fckseli\u015fe ge\u00e7ti\u011fine tan\u0131k oluyoruz. Bu ger\u00e7eklik, yeni zorluklar ve b\u00f6lgedeki istikrar\u0131, g\u00fcvenli\u011fi, enerjiyi ve ticareti baltalama tehlikesini beraberinde getiriyor. \u0130srail , K\u0131br\u0131s, Yunanistan ve ABD aras\u0131nda, b\u00fcy\u00fck altyap\u0131, do\u011fal kaynaklar ve g\u00fcvenlik projeleri de dahil olmak \u00fczere i\u015f birli\u011finin g\u00fc\u00e7lendirilmesi stratejik&#8230;<\/p>\n","protected":false},"excerpt":{"rendered":"<p>\u0130srail bas\u0131n\u0131, gizli ger\u00e7ekle\u015ftirilen T\u00fcrkiye konulu toplant\u0131n\u0131n detaylar\u0131n\u0131 payla\u015ft\u0131. \u201cD\u00f6rt \u00fclke T\u00fcrkiye\u2019ye kar\u015f\u0131 birle\u015fti\u201d ba\u015fl\u0131kl\u0131 haberde, \u0130srail,&#8230;<\/p>\n","protected":false},"author":2,"featured_media":1634,"comment_status":"open","ping_status":"open","sticky":false,"template":"","format":"standard","meta":{"footnotes":""},"categories":[8,6,5],"tags":[],"class_list":["post-1635","post","type-post","status-publish","format-standard","has-post-thumbnail","hentry","category-arsiv","category-gundem","category-son-dakika"],"_links":{"self":[{"href":"https:\/\/eskigazeteci.com\/index.php?rest_route=\/wp\/v2\/posts\/1635","targetHints":{"allow":["GET"]}}],"collection":[{"href":"https:\/\/eskigazeteci.com\/index.php?rest_route=\/wp\/v2\/posts"}],"about":[{"href":"https:\/\/eskigazeteci.com\/index.php?rest_route=\/wp\/v2\/types\/post"}],"author":[{"embeddable":true,"href":"https:\/\/eskigazeteci.com\/index.php?rest_route=\/wp\/v2\/users\/2"}],"replies":[{"embeddable":true,"href":"https:\/\/eskigazeteci.com\/index.php?rest_route=%2Fwp%2Fv2%2Fcomments&post=1635"}],"version-history":[{"count":0,"href":"https:\/\/eskigazeteci.com\/index.php?rest_route=\/wp\/v2\/posts\/1635\/revisions"}],"wp:featuredmedia":[{"embeddable":true,"href":"https:\/\/eskigazeteci.com\/index.php?rest_route=\/wp\/v2\/media\/1634"}],"wp:attachment":[{"href":"https:\/\/eskigazeteci.com\/index.php?rest_route=%2Fwp%2Fv2%2Fmedia&parent=1635"}],"wp:term":[{"taxonomy":"category","embeddable":true,"href":"https:\/\/eskigazeteci.com\/index.php?rest_route=%2Fwp%2Fv2%2Fcategories&post=1635"},{"taxonomy":"post_tag","embeddable":true,"href":"https:\/\/eskigazeteci.com\/index.php?rest_route=%2Fwp%2Fv2%2Ftags&post=1635"}],"curies":[{"name":"wp","href":"https:\/\/api.w.org\/{rel}","templated":true}]}}