{"id":1629,"date":"2026-02-12T14:37:58","date_gmt":"2026-02-12T14:37:58","guid":{"rendered":"https:\/\/eskigazeteci.com\/?p=1629"},"modified":"2026-02-12T14:37:58","modified_gmt":"2026-02-12T14:37:58","slug":"pandaya-benzeyen-kuzu-incelemeye-alindi-boyle-bir-durumla-ilk-kez-karsilastik","status":"publish","type":"post","link":"https:\/\/eskigazeteci.com\/?p=1629","title":{"rendered":"Pandaya benzeyen kuzu incelemeye al\u0131nd\u0131! &#8216;B\u00f6yle bir durumla ilk kez kar\u015f\u0131la\u015ft\u0131k&#8217;"},"content":{"rendered":"<p>Olay, \u00f6nceki g\u00fcn Adilcevaz il\u00e7esi Ak\u00e7\u0131ra k\u00f6y\u00fc G\u00f6lba\u015f\u0131 mezras\u0131nda ya\u015fand\u0131. Mezrada hayvanc\u0131l\u0131kla u\u011fra\u015fan \u00c7avu\u015f A\u015fa&#x27;ya ait gebe koyunlardan biri, ailenin de yard\u0131m\u0131yla zorlu bir do\u011fum yapt\u0131. Ancak do\u011fum, beklenen sevincin yerine \u00fcz\u00fcnt\u00fcye neden oldu. \u00d6l\u00fc do\u011fan yavrunun panda yavrusuna benzedi\u011fi, arka ayaklar\u0131n\u0131n bulunmad\u0131\u011f\u0131 ve v\u00fccudunun tam geli\u015fmedi\u011fi g\u00f6r\u00fcld\u00fc.<\/p>\n<p>&quot;B\u00d6YLE B\u0130R DURUMLA \u0130LK KEZ KAR\u015eILA\u015eTIK&quot;<\/p>\n<p>Do\u011fuma yard\u0131mc\u0131 olan koyun sahibi \u00c7avu\u015f A\u015fa&#x27;n\u0131n kom\u015fusu Necdet K\u0131r\u0131k, b\u00f6yle bir durumla ilk kez kar\u015f\u0131la\u015ft\u0131klar\u0131n\u0131 belirtti. Uzun y\u0131llard\u0131r k\u00fc\u00e7\u00fckba\u015f hayvan do\u011fumlar\u0131na yard\u0131mc\u0131 oldu\u011funu aktaran K\u0131r\u0131k, bu \u015fekilde bir vakaya bug\u00fcne kadar hi\u00e7 rastlamad\u0131\u011f\u0131n\u0131 s\u00f6yledi. K\u0131r\u0131k, do\u011fumun olduk\u00e7a zor ger\u00e7ekle\u015fti\u011fini ifade ederek, &quot;Yavru \u00f6l\u00fc do\u011fdu. Arka ayaklar\u0131 yoktu, v\u00fccudu tam geli\u015fmemi\u015fti. Renkleri ve y\u00fcz yap\u0131s\u0131 nedeniyle panda yavrusunu and\u0131r\u0131yordu. Hayat\u0131m boyunca bir\u00e7ok do\u011fuma girdim ama b\u00f6ylesini ilk defa g\u00f6rd\u00fcm&quot; dedi.<\/p>\n<p>&quot;B\u0130NDE B\u0130R G\u00d6R\u00dcLEN ANOMAL\u0130 OLAB\u0130L\u0130R &quot;<\/p>\n<p>G\u00f6r\u00fcnt\u00fcleri inceleyerek konuyu de\u011ferlendiren Veteriner Hekim Rehber Alt\u0131nta\u015f ise olay\u0131n \u00e7oklu do\u011fumsal anomali vakas\u0131 oldu\u011funu belirtti. Alt\u0131nta\u015f, bu t\u00fcr anomalilerin genetik fakt\u00f6rler, gebelik d\u00f6neminde ge\u00e7irilen enfeksiyonlar, annenin&#8230;<\/p>\n","protected":false},"excerpt":{"rendered":"<p>Bitlis&#8217;in Adilcevaz il\u00e7esinde \u00f6l\u00fc do\u011fan, renkleri ve y\u00fcz yap\u0131s\u0131yla panda yavrusunu and\u0131ran kuzu \u015fa\u015fk\u0131nl\u0131k ya\u015fatt\u0131. \u00d6l\u00fc do\u011fan kuzu i\u00e7in bilimsel inceleme&#8230;<\/p>\n","protected":false},"author":2,"featured_media":1628,"comment_status":"open","ping_status":"open","sticky":false,"template":"","format":"standard","meta":{"footnotes":""},"categories":[8,6,5],"tags":[],"class_list":["post-1629","post","type-post","status-publish","format-standard","has-post-thumbnail","hentry","category-arsiv","category-gundem","category-son-dakika"],"_links":{"self":[{"href":"https:\/\/eskigazeteci.com\/index.php?rest_route=\/wp\/v2\/posts\/1629","targetHints":{"allow":["GET"]}}],"collection":[{"href":"https:\/\/eskigazeteci.com\/index.php?rest_route=\/wp\/v2\/posts"}],"about":[{"href":"https:\/\/eskigazeteci.com\/index.php?rest_route=\/wp\/v2\/types\/post"}],"author":[{"embeddable":true,"href":"https:\/\/eskigazeteci.com\/index.php?rest_route=\/wp\/v2\/users\/2"}],"replies":[{"embeddable":true,"href":"https:\/\/eskigazeteci.com\/index.php?rest_route=%2Fwp%2Fv2%2Fcomments&post=1629"}],"version-history":[{"count":0,"href":"https:\/\/eskigazeteci.com\/index.php?rest_route=\/wp\/v2\/posts\/1629\/revisions"}],"wp:featuredmedia":[{"embeddable":true,"href":"https:\/\/eskigazeteci.com\/index.php?rest_route=\/wp\/v2\/media\/1628"}],"wp:attachment":[{"href":"https:\/\/eskigazeteci.com\/index.php?rest_route=%2Fwp%2Fv2%2Fmedia&parent=1629"}],"wp:term":[{"taxonomy":"category","embeddable":true,"href":"https:\/\/eskigazeteci.com\/index.php?rest_route=%2Fwp%2Fv2%2Fcategories&post=1629"},{"taxonomy":"post_tag","embeddable":true,"href":"https:\/\/eskigazeteci.com\/index.php?rest_route=%2Fwp%2Fv2%2Ftags&post=1629"}],"curies":[{"name":"wp","href":"https:\/\/api.w.org\/{rel}","templated":true}]}}