{"id":1627,"date":"2026-02-12T14:36:26","date_gmt":"2026-02-12T14:36:26","guid":{"rendered":"https:\/\/eskigazeteci.com\/?p=1627"},"modified":"2026-02-12T14:36:26","modified_gmt":"2026-02-12T14:36:26","slug":"kalbe-giden-yol","status":"publish","type":"post","link":"https:\/\/eskigazeteci.com\/?p=1627","title":{"rendered":"Kalbe giden yol\u2026"},"content":{"rendered":"<p>KONSER<\/p>\n<p>-Emel Say\u0131n 14 \u015eubat Cumartesi 21.00\u2019de \u2018A\u015fk \u015eark\u0131lar\u0131yla Bir \u00d6m\u00fcr\u2019 konseri i\u00e7in Zorlu PSM Turkcell Sahnesi\u2019nde olacak. Biletleri 1.350 ila 4.450 lira.<\/p>\n<p>-G\u00f6khan T\u00fcrkmen bu kez \u015fark\u0131lar\u0131n\u0131 \u00e7iftler i\u00e7in s\u00f6yleyecek. Konser 14 \u015eubat 21.00\u2019de Bostanc\u0131 G\u00f6steri Merkezi\u2019nde. Sadece VIP bilet kald\u0131, fiyat\u0131 5.250 lira.<\/p>\n<p>-Bir\u00e7ok a\u015fk \u015fark\u0131s\u0131nda imzas\u0131 olan \u00dcmit Ya\u015far 14 \u015eubat 21.00\u2019de Jolly Joker Vadistanbul\u2019da olacak. Biletleri 855 ile 20.500 (4 ki\u015filik loca) lira aras\u0131nda.<\/p>\n<p>-Levent Y\u00fcksel 14 \u015eubat 21.00\u2019de \u00dclker Spor ve Etkinlik Salonu\u2019nda senfonik konser verecek. Biletleri 1.710 ila 14.500 (protokol) lira.<\/p>\n<p>-Emre Ayd\u0131n 14 \u015eubat 21.00\u2019de \u0130zmir\u2019deki SoldOut Performance Hall\u2019da \u00e7\u0131kacak. Bilet fiyat\u0131 799 lira.<\/p>\n<p>-Soner Ar\u0131ca 14 \u015eubat 21.00\u2019de Jolly Joker K\u0131y\u0131 \u0130stanbul\u2019da. Biletleri 1.140 ila 35.500 (6 ki\u015filik loca) lira.<\/p>\n<p>-O\u011fuzhan Ko\u00e7 14 \u015eubat 21.00\u2019de Jolly Joker Kartal \u0130stMarina\u2019da konser verecek. Biletleri 2.280 ila 20.500 lira.<\/p>\n<p>-B\u00fclent Orta\u00e7gil ve Birsen Tezer 14 \u015eubat 21.30\u2019da IF Performance Hall Be\u015fikta\u015f \u2019ta sahneye \u00e7\u0131kacak. Bilet fiyat\u0131 999 lira.<\/p>\n<p>-Dolu Kadehi Ters Tut 14 \u015eubat 21.45\u2019te Antalya Akt\u00fcel Sahne\u2019de konser verecek. Biletleri 1.000 ve 1.600 lira (2 ki\u015filik).<\/p>\n<p>-G\u00f6khan&#8230;<\/p>\n","protected":false},"excerpt":{"rendered":"<p>Bu hafta Frans\u0131z piyanist Lucas Debargue, \u0130stanbul\u2019da sahneye \u00e7\u0131kacak. \u201cSevdi\u011fimin kalbine giden yol m\u00fczikten ge\u00e7er\u201d diyenler i\u00e7inse bu ak\u015fam B\u00fclent&#8230;<\/p>\n","protected":false},"author":2,"featured_media":1626,"comment_status":"open","ping_status":"open","sticky":false,"template":"","format":"standard","meta":{"footnotes":""},"categories":[8,6,5],"tags":[],"class_list":["post-1627","post","type-post","status-publish","format-standard","has-post-thumbnail","hentry","category-arsiv","category-gundem","category-son-dakika"],"_links":{"self":[{"href":"https:\/\/eskigazeteci.com\/index.php?rest_route=\/wp\/v2\/posts\/1627","targetHints":{"allow":["GET"]}}],"collection":[{"href":"https:\/\/eskigazeteci.com\/index.php?rest_route=\/wp\/v2\/posts"}],"about":[{"href":"https:\/\/eskigazeteci.com\/index.php?rest_route=\/wp\/v2\/types\/post"}],"author":[{"embeddable":true,"href":"https:\/\/eskigazeteci.com\/index.php?rest_route=\/wp\/v2\/users\/2"}],"replies":[{"embeddable":true,"href":"https:\/\/eskigazeteci.com\/index.php?rest_route=%2Fwp%2Fv2%2Fcomments&post=1627"}],"version-history":[{"count":0,"href":"https:\/\/eskigazeteci.com\/index.php?rest_route=\/wp\/v2\/posts\/1627\/revisions"}],"wp:featuredmedia":[{"embeddable":true,"href":"https:\/\/eskigazeteci.com\/index.php?rest_route=\/wp\/v2\/media\/1626"}],"wp:attachment":[{"href":"https:\/\/eskigazeteci.com\/index.php?rest_route=%2Fwp%2Fv2%2Fmedia&parent=1627"}],"wp:term":[{"taxonomy":"category","embeddable":true,"href":"https:\/\/eskigazeteci.com\/index.php?rest_route=%2Fwp%2Fv2%2Fcategories&post=1627"},{"taxonomy":"post_tag","embeddable":true,"href":"https:\/\/eskigazeteci.com\/index.php?rest_route=%2Fwp%2Fv2%2Ftags&post=1627"}],"curies":[{"name":"wp","href":"https:\/\/api.w.org\/{rel}","templated":true}]}}