{"id":1625,"date":"2026-02-12T14:26:26","date_gmt":"2026-02-12T14:26:26","guid":{"rendered":"https:\/\/eskigazeteci.com\/?p=1625"},"modified":"2026-02-12T14:26:26","modified_gmt":"2026-02-12T14:26:26","slug":"dervisoglu-mihalgazi-belediye-baskani-akgunu-ziyaret-etti","status":"publish","type":"post","link":"https:\/\/eskigazeteci.com\/?p=1625","title":{"rendered":"Dervi\u015fo\u011flu, Mihalgazi Belediye Ba\u015fkan\u0131 Akg\u00fcn&#8217;\u00fc ziyaret etti"},"content":{"rendered":"<p>\u0130Y\u0130 Parti Genel Ba\u015fkan\u0131 M\u00fcsavat Dervi\u015fo\u011flu, Eski\u015fehir&#x27;in Mihalgazi il\u00e7esine gelerek Belediye Ba\u015fkan\u0131 Zeynep G\u00fcne\u015f Akg\u00fcn&#x27;\u00fc makam\u0131nda ziyaret etti. Belediye Ba\u015fkan\u0131 Akg\u00fcn&#x27;\u00fcn yan\u0131 s\u0131ra AK Parti Eski\u015fehir \u0130l Ba\u015fkan\u0131 G\u00fcrhan Albayrak taraf\u0131ndan belediye \u00f6n\u00fcnde kar\u015f\u0131lanan Dervi\u015fo\u011flu, makama ge\u00e7erek Akg\u00fcn&#x27;le g\u00f6r\u00fc\u015ft\u00fc.<\/p>\n<p>&#x27;M\u0130SAF\u0130RPERVERL\u0130\u011e\u0130N\u0130Z \u0130\u00c7\u0130N TE\u015eEKK\u00dcR ED\u0130YORUM&#x27;<\/p>\n<p>Bu payla\u015f\u0131mlar\u0131n ve ifadelerin, toplumsal birli\u011fe zarar verdi\u011fini ifade eden M\u00fcsavat Dervi\u015fo\u011flu, &quot;Zarar verdi\u011fi kadar gelece\u011fimizde de olumsuz izler b\u0131rak\u0131yor. O izlerin ya\u015fanmamas\u0131 i\u00e7in, haf\u0131zam\u0131zda yer etmemesi i\u00e7in de \u00fcstlenilmesi icap eden mesuliyetler var. Bug\u00fcn bu ziyaretimizde hem sizi ziyaret etmi\u015f olmam\u0131z hem de de\u011ferli AK Parti \u0130l Ba\u015fkan\u0131 G\u00fcrhan Bey&#x27;in burada bulunmas\u0131 bizim a\u00e7\u0131m\u0131zdan ziyadesiyle memnuniyet verici bir durum ve \u00e7ok te\u015fekk\u00fcr ediyorum. Ge\u00e7en hafta yapt\u0131\u011f\u0131m\u0131z telefon g\u00f6r\u00fc\u015fmesinde \u00fcz\u00fcnt\u00fcm\u00fcz\u00fc bildirdik. Bu gibi \u015feylerin ya\u015fanmamas\u0131 gerekti\u011fine de i\u015faret ettik. Ayr\u0131ca daha da \u00f6tesinde \u00f6rflerin, geleneklerin muhafaza edilmesi noktas\u0131nda e\u011fer bug\u00fcn duyarl\u0131l\u0131k sergileyemezsek, yar\u0131nlara do\u011fru bir miras b\u0131rakmay\u0131 da beceremeyiz. Bu y\u00f6n\u00fcyle bakt\u0131\u011f\u0131m\u0131zda da bug\u00fcnk\u00fc ziyaretimiz, bir sorumlulu\u011fun yerine&#8230;<\/p>\n","protected":false},"excerpt":{"rendered":"<p>\u0130Y\u0130 Parti Genel Ba\u015fkan\u0131 M\u00fcsavat Dervi\u015fo\u011flu, giydi\u011fi geleneksel k\u0131yafet nedeniyle sanal medyada hedef al\u0131nan Mihalgazi Belediye Ba\u015fkan\u0131 Zeynep G\u00fcne\u015f Akg\u00fcn&#8217;\u00fc&#8230;<\/p>\n","protected":false},"author":2,"featured_media":1624,"comment_status":"open","ping_status":"open","sticky":false,"template":"","format":"standard","meta":{"footnotes":""},"categories":[8,6,5],"tags":[],"class_list":["post-1625","post","type-post","status-publish","format-standard","has-post-thumbnail","hentry","category-arsiv","category-gundem","category-son-dakika"],"_links":{"self":[{"href":"https:\/\/eskigazeteci.com\/index.php?rest_route=\/wp\/v2\/posts\/1625","targetHints":{"allow":["GET"]}}],"collection":[{"href":"https:\/\/eskigazeteci.com\/index.php?rest_route=\/wp\/v2\/posts"}],"about":[{"href":"https:\/\/eskigazeteci.com\/index.php?rest_route=\/wp\/v2\/types\/post"}],"author":[{"embeddable":true,"href":"https:\/\/eskigazeteci.com\/index.php?rest_route=\/wp\/v2\/users\/2"}],"replies":[{"embeddable":true,"href":"https:\/\/eskigazeteci.com\/index.php?rest_route=%2Fwp%2Fv2%2Fcomments&post=1625"}],"version-history":[{"count":0,"href":"https:\/\/eskigazeteci.com\/index.php?rest_route=\/wp\/v2\/posts\/1625\/revisions"}],"wp:featuredmedia":[{"embeddable":true,"href":"https:\/\/eskigazeteci.com\/index.php?rest_route=\/wp\/v2\/media\/1624"}],"wp:attachment":[{"href":"https:\/\/eskigazeteci.com\/index.php?rest_route=%2Fwp%2Fv2%2Fmedia&parent=1625"}],"wp:term":[{"taxonomy":"category","embeddable":true,"href":"https:\/\/eskigazeteci.com\/index.php?rest_route=%2Fwp%2Fv2%2Fcategories&post=1625"},{"taxonomy":"post_tag","embeddable":true,"href":"https:\/\/eskigazeteci.com\/index.php?rest_route=%2Fwp%2Fv2%2Ftags&post=1625"}],"curies":[{"name":"wp","href":"https:\/\/api.w.org\/{rel}","templated":true}]}}