{"id":1613,"date":"2026-02-12T13:48:00","date_gmt":"2026-02-12T13:48:00","guid":{"rendered":"https:\/\/eskigazeteci.com\/?p=1613"},"modified":"2026-02-12T13:48:00","modified_gmt":"2026-02-12T13:48:00","slug":"vodafone-kadin-voleybol-sponsorlugunda-iki-yili-geride-birakti","status":"publish","type":"post","link":"https:\/\/eskigazeteci.com\/?p=1613","title":{"rendered":"Vodafone kad\u0131n voleybol sponsorlu\u011funda iki y\u0131l\u0131 geride b\u0131rakt\u0131"},"content":{"rendered":"<p>D\u00fcnyada kad\u0131n voleyboluna, T\u00fcrkiye\u2019de ise kad\u0131n sporuna y\u00f6nelik en y\u00fcksek ve kapsaml\u0131 sponsorluk anla\u015fmas\u0131n\u0131 ba\u015far\u0131yla s\u00fcrd\u00fcren Vodafone, voleybol sponsorlu\u011funun ikinci y\u0131l\u0131n\u0131 \u00f6zel bir davetle kutlad\u0131. Vodafone T\u00fcrkiye CEO\u2019su Engin Aksoy, T\u00fcrkiye Voleybol Federasyonu (TVF) Ba\u015fkan\u0131 Mehmet Akif \u00dcst\u00fcnda\u011f, A Milli Kad\u0131n Voleybol Tak\u0131m\u0131 Ba\u015fantren\u00f6r\u00fc Daniele Santarelli ve A Milli Kad\u0131n Voleybol Tak\u0131m\u0131 oyuncular\u0131n\u0131n tam kadro kat\u0131ld\u0131\u011f\u0131 gecede, Vodafone\u2019un voleybol sponsorlu\u011fu kapsam\u0131nda bug\u00fcne kadar yap\u0131lan \u00e7al\u0131\u015fmalar ve elde edilen ba\u015far\u0131lar hakk\u0131nda detayl\u0131 bilgi verildi.<\/p>\n<p>Vodafone T\u00fcrkiye CEO\u2019su Engin Aksoy \u015funlar\u0131 s\u00f6yledi:<\/p>\n<p>\u201cVodafone olarak, spora uzun y\u0131llard\u0131r d\u00fczenli yat\u0131r\u0131m yapan ve toplumu sporla kucaklayan bir markay\u0131z. Bir di\u011fer \u00f6nemli oda\u011f\u0131m\u0131z da kad\u0131nlar\u0131n g\u00fc\u00e7lenmesine y\u00f6nelik \u00e7al\u0131\u015fmalar yapmak. Bu iki oda\u011f\u0131m\u0131z\u0131 birle\u015ftirerek sporda da kad\u0131nlar\u0131n yan\u0131nda durmaya ba\u015flad\u0131k. 2023 y\u0131l\u0131nda hem Sultanlar Ligi \u0130sim Sponsoru hem de T\u00fcrkiye Kad\u0131n Voleybol Milli Tak\u0131mlar Ana Sponsoru olduk. Geriye d\u00f6n\u00fcp bakt\u0131\u011f\u0131m\u0131zda, ne kadar do\u011fru bir karar verdi\u011fimizi bir kez daha anl\u0131yoruz. Sponsorlu\u011fumuzun ilk g\u00fcn\u00fcnden bu yana ayn\u0131 heyecanla \u00e7al\u0131\u015farak s\u00fcrekli artan bir ba\u015far\u0131 ivmesi yakalad\u0131k&#8230;.<\/p>\n","protected":false},"excerpt":{"rendered":"<p>D\u00fcnyada kad\u0131n voleyboluna, T\u00fcrkiye&#8217;de de kad\u0131n sporuna y\u00f6nelik sponsorluk anla\u015fmas\u0131n\u0131 s\u00fcrd\u00fcren Vodafone, voleybol sponsorlu\u011funun ikinci y\u0131l\u0131n\u0131 \u00f6zel davetle&#8230;<\/p>\n","protected":false},"author":2,"featured_media":1612,"comment_status":"open","ping_status":"open","sticky":false,"template":"","format":"standard","meta":{"footnotes":""},"categories":[8,5,7],"tags":[],"class_list":["post-1613","post","type-post","status-publish","format-standard","has-post-thumbnail","hentry","category-arsiv","category-son-dakika","category-spor"],"_links":{"self":[{"href":"https:\/\/eskigazeteci.com\/index.php?rest_route=\/wp\/v2\/posts\/1613","targetHints":{"allow":["GET"]}}],"collection":[{"href":"https:\/\/eskigazeteci.com\/index.php?rest_route=\/wp\/v2\/posts"}],"about":[{"href":"https:\/\/eskigazeteci.com\/index.php?rest_route=\/wp\/v2\/types\/post"}],"author":[{"embeddable":true,"href":"https:\/\/eskigazeteci.com\/index.php?rest_route=\/wp\/v2\/users\/2"}],"replies":[{"embeddable":true,"href":"https:\/\/eskigazeteci.com\/index.php?rest_route=%2Fwp%2Fv2%2Fcomments&post=1613"}],"version-history":[{"count":0,"href":"https:\/\/eskigazeteci.com\/index.php?rest_route=\/wp\/v2\/posts\/1613\/revisions"}],"wp:featuredmedia":[{"embeddable":true,"href":"https:\/\/eskigazeteci.com\/index.php?rest_route=\/wp\/v2\/media\/1612"}],"wp:attachment":[{"href":"https:\/\/eskigazeteci.com\/index.php?rest_route=%2Fwp%2Fv2%2Fmedia&parent=1613"}],"wp:term":[{"taxonomy":"category","embeddable":true,"href":"https:\/\/eskigazeteci.com\/index.php?rest_route=%2Fwp%2Fv2%2Fcategories&post=1613"},{"taxonomy":"post_tag","embeddable":true,"href":"https:\/\/eskigazeteci.com\/index.php?rest_route=%2Fwp%2Fv2%2Ftags&post=1613"}],"curies":[{"name":"wp","href":"https:\/\/api.w.org\/{rel}","templated":true}]}}