{"id":1611,"date":"2026-02-12T13:46:27","date_gmt":"2026-02-12T13:46:27","guid":{"rendered":"https:\/\/eskigazeteci.com\/?p=1611"},"modified":"2026-02-12T13:46:27","modified_gmt":"2026-02-12T13:46:27","slug":"osayi-samuelden-fenerbahce-ve-osimhen-itirafi-psikolojik-olarak-etkileyebiliyor","status":"publish","type":"post","link":"https:\/\/eskigazeteci.com\/?p=1611","title":{"rendered":"Osayi Samuel&#8217;den Fenerbah\u00e7e ve Osimhen itiraf\u0131! &#8216;Psikolojik olarak etkileyebiliyor&#8217;"},"content":{"rendered":"<p>2021-25 y\u0131llar\u0131 aras\u0131nda Fenerbah\u00e7e formas\u0131 giyinen ve ard\u0131ndan Birmingham&#x27;da futbol kariyerini s\u00fcrd\u00fcren Bright Osayi-Samuel, Nijerya bas\u0131n\u0131na \u00f6nemli a\u00e7\u0131klamalarda bulundu.<\/p>\n<p>Osayi-Samuel&#x27;in a\u00e7\u0131klamalar\u0131 \u015fu \u015fekilde oldu:<\/p>\n<p>&quot;\u00c7o\u011fu insan\u0131n bilip bilmedi\u011fini bilmiyorum ama ben futbola kanat oyuncusu olarak ba\u015flad\u0131m. Sa\u011f kanat, sol kanat oynuyordum. Fenerbah\u00e7e\u2019ye imza att\u0131\u011f\u0131mda ise benden sa\u011f bek oynamam\u0131 istediler. \u0130lk ba\u015fta bundan pek ho\u015flanmad\u0131m a\u00e7\u0131k\u00e7as\u0131. Ama zamanla o pozisyonda daha fazla oynamaya, pozisyonu daha iyi \u00f6\u011frenmeye ba\u015flad\u0131m.&quot;<\/p>\n<p>T\u00fcrkiye\u2019de hayat nas\u0131ld\u0131?<\/p>\n<p>&quot;Harikayd\u0131. Muhte\u015fem d\u00f6rt bu\u00e7uk y\u0131l ge\u00e7irdim. Ayr\u0131lmak i\u00e7in birka\u00e7 f\u0131rsat\u0131m oldu ama Fenerbah\u00e7e\u2019nin bana ilk imza att\u0131\u011f\u0131m g\u00fcnden ayr\u0131ld\u0131\u011f\u0131m ana kadar g\u00f6sterdi\u011fi tav\u0131r hem benim hem ailem i\u00e7in inan\u0131lmazd\u0131. H\u00e2l\u00e2 sevgi devam ediyor.<\/p>\n<p>Normalde bu sevgiyi sadece ligi kazand\u0131\u011f\u0131n\u0131zda g\u00f6r\u00fcrs\u00fcn\u00fcz. \u00c7\u00fcnk\u00fc lig \u015fampiyonlu\u011fu Fenerbah\u00e7e i\u00e7in \u00e7ok \u00f6nemli bir \u015fey ve uzun s\u00fcredir kazanam\u0131yorlar. Ama benim ligi kazanmam\u0131\u015f olmama ra\u011fmen g\u00f6rd\u00fc\u011f\u00fcm sevgi tarif edilemezdi. D\u00f6rt bu\u00e7uk y\u0131l\u0131 ger\u00e7ekten \u00e7ok keyif alarak ge\u00e7irdim.&quot;<\/p>\n<p>Ligi kazand\u0131n de\u011fil mi?<\/p>\n<p>&quot;Hay\u0131r, kazanmad\u0131m. \u0130\u015fin garip taraf\u0131 da bu zaten. Ayr\u0131lmadan \u00f6nce en \u00e7ok istedi\u011fim \u015fey lig&#8230;<\/p>\n","protected":false},"excerpt":{"rendered":"<p>Bright Osayi-Samuel, \u00fclkesi bas\u0131n\u0131na Victor Osimhen ve eski tak\u0131m\u0131 Fenerbah\u00e7e ile alakal\u0131 a\u00e7\u0131klamalarda bulundu.<\/p>\n","protected":false},"author":2,"featured_media":1610,"comment_status":"open","ping_status":"open","sticky":false,"template":"","format":"standard","meta":{"footnotes":""},"categories":[8,5,7],"tags":[],"class_list":["post-1611","post","type-post","status-publish","format-standard","has-post-thumbnail","hentry","category-arsiv","category-son-dakika","category-spor"],"_links":{"self":[{"href":"https:\/\/eskigazeteci.com\/index.php?rest_route=\/wp\/v2\/posts\/1611","targetHints":{"allow":["GET"]}}],"collection":[{"href":"https:\/\/eskigazeteci.com\/index.php?rest_route=\/wp\/v2\/posts"}],"about":[{"href":"https:\/\/eskigazeteci.com\/index.php?rest_route=\/wp\/v2\/types\/post"}],"author":[{"embeddable":true,"href":"https:\/\/eskigazeteci.com\/index.php?rest_route=\/wp\/v2\/users\/2"}],"replies":[{"embeddable":true,"href":"https:\/\/eskigazeteci.com\/index.php?rest_route=%2Fwp%2Fv2%2Fcomments&post=1611"}],"version-history":[{"count":0,"href":"https:\/\/eskigazeteci.com\/index.php?rest_route=\/wp\/v2\/posts\/1611\/revisions"}],"wp:featuredmedia":[{"embeddable":true,"href":"https:\/\/eskigazeteci.com\/index.php?rest_route=\/wp\/v2\/media\/1610"}],"wp:attachment":[{"href":"https:\/\/eskigazeteci.com\/index.php?rest_route=%2Fwp%2Fv2%2Fmedia&parent=1611"}],"wp:term":[{"taxonomy":"category","embeddable":true,"href":"https:\/\/eskigazeteci.com\/index.php?rest_route=%2Fwp%2Fv2%2Fcategories&post=1611"},{"taxonomy":"post_tag","embeddable":true,"href":"https:\/\/eskigazeteci.com\/index.php?rest_route=%2Fwp%2Fv2%2Ftags&post=1611"}],"curies":[{"name":"wp","href":"https:\/\/api.w.org\/{rel}","templated":true}]}}