{"id":1609,"date":"2026-02-12T13:39:29","date_gmt":"2026-02-12T13:39:29","guid":{"rendered":"https:\/\/eskigazeteci.com\/?p=1609"},"modified":"2026-02-12T13:39:29","modified_gmt":"2026-02-12T13:39:29","slug":"savci-yavuz-engini-tehdit-etmisti-istenen-ceza-belli-oldu","status":"publish","type":"post","link":"https:\/\/eskigazeteci.com\/?p=1609","title":{"rendered":"Savc\u0131 Yavuz Engin&#8217;i tehdit etmi\u015fti: \u0130stenen ceza belli oldu"},"content":{"rendered":"<p>\u0130stanbul\u2019da bebek acil hastalar\u0131n\u0131 daha \u00f6nce anla\u015ft\u0131klar\u0131 \u00f6zel hastanelerin yenido\u011fan \u00fcnitelerine sevk edip, \u00f6l\u00fcmlerine neden olduklar\u0131 iddia edilen \u2018 Yenido\u011fan \u00c7etesi \u2019ne y\u00f6nelik soru\u015fturma kapsam\u0131nda, hem\u015fire Tu\u011f\u00e7e Toptemel de tutukland\u0131. \u0130ddiaya g\u00f6re, Mustafa Kemal Zengin liderli\u011fini yapt\u0131\u011f\u0131, G\u00f6khan G\u00fcler ile Av. Aylin Aslantatar\u2019\u0131n y\u00f6neticisi oldu\u011fu \u201cSilahl\u0131 Hafiyelik \u00d6rg\u00fct\u00fc\u201d, hem\u015fire Toptemel\u2019i tahliye ettirmek i\u00e7in soru\u015fturmay\u0131 y\u00fcr\u00fcten Cumhuriyet Savc\u0131s\u0131 Yavuz Engin\u2019i makam\u0131nda tehdit etti. Savc\u0131n\u0131n \u015fikayeti \u00fczerine ba\u015flat\u0131lan soru\u015fturma sonunda, Mustafa Kemal Zengin, Aylin Aslantatar ve G\u00f6khan G\u00fcler\u2019in aras\u0131nda oldu\u011fu 13 san\u0131k hakk\u0131nda 36&#x27;\u015far y\u0131ldan 72&#x27;\u015fer y\u0131la kadar hapis istemiyle dava a\u00e7\u0131ld\u0131.<\/p>\n<p>Bak\u0131rk\u00f6y 21\u2019inci A\u011f\u0131r Ceza Mahkemesi&#x27;ndeki duru\u015fmaya, tutuklu san\u0131k Mustafa Kemal Zengin ve ba\u015fka su\u00e7tan tutuklu olan san\u0131k Muhammed Emin Orhan, Sesli ve G\u00f6r\u00fcnt\u00fc Bili\u015fim Sistemiyle(SEGB\u0130S) kat\u0131ld\u0131. Aylin Arslantatar&#x27;\u0131n da aras\u0131nda bulundu\u011fu 5 tutuksuz san\u0131k, m\u00fc\u015fteki Beyda Nur Dan\u0131\u015f ve taraf avukatlar\u0131 duru\u015fma salonunda haz\u0131r bulundu.<\/p>\n<p>\u201cTEHD\u0130T ETM\u0130\u015e OLSAM \u00c7\u0130KOLATA \u0130KRAM ETMEZD\u0130\u201d<\/p>\n<p>Duru\u015fmada savunma yapan san\u0131k Mustafa Kemal Zengin, \u201c Yavuz Engin \u2019in beyanlar\u0131 ger\u00e7e\u011fi&#8230;<\/p>\n","protected":false},"excerpt":{"rendered":"<p>\u201cYenido\u011fan \u00c7etesi\u201dne y\u00f6nelik soru\u015fturmay\u0131 y\u00fcr\u00fcten Cumhuriyet Savc\u0131s\u0131 Yavuz Engin\u2019i tehdit edilmesine ili\u015fkin dava karar a\u015famas\u0131na geldi. M\u00fctalaada, san\u0131k&#8230;<\/p>\n","protected":false},"author":2,"featured_media":1608,"comment_status":"open","ping_status":"open","sticky":false,"template":"","format":"standard","meta":{"footnotes":""},"categories":[8,6,5],"tags":[],"class_list":["post-1609","post","type-post","status-publish","format-standard","has-post-thumbnail","hentry","category-arsiv","category-gundem","category-son-dakika"],"_links":{"self":[{"href":"https:\/\/eskigazeteci.com\/index.php?rest_route=\/wp\/v2\/posts\/1609","targetHints":{"allow":["GET"]}}],"collection":[{"href":"https:\/\/eskigazeteci.com\/index.php?rest_route=\/wp\/v2\/posts"}],"about":[{"href":"https:\/\/eskigazeteci.com\/index.php?rest_route=\/wp\/v2\/types\/post"}],"author":[{"embeddable":true,"href":"https:\/\/eskigazeteci.com\/index.php?rest_route=\/wp\/v2\/users\/2"}],"replies":[{"embeddable":true,"href":"https:\/\/eskigazeteci.com\/index.php?rest_route=%2Fwp%2Fv2%2Fcomments&post=1609"}],"version-history":[{"count":0,"href":"https:\/\/eskigazeteci.com\/index.php?rest_route=\/wp\/v2\/posts\/1609\/revisions"}],"wp:featuredmedia":[{"embeddable":true,"href":"https:\/\/eskigazeteci.com\/index.php?rest_route=\/wp\/v2\/media\/1608"}],"wp:attachment":[{"href":"https:\/\/eskigazeteci.com\/index.php?rest_route=%2Fwp%2Fv2%2Fmedia&parent=1609"}],"wp:term":[{"taxonomy":"category","embeddable":true,"href":"https:\/\/eskigazeteci.com\/index.php?rest_route=%2Fwp%2Fv2%2Fcategories&post=1609"},{"taxonomy":"post_tag","embeddable":true,"href":"https:\/\/eskigazeteci.com\/index.php?rest_route=%2Fwp%2Fv2%2Ftags&post=1609"}],"curies":[{"name":"wp","href":"https:\/\/api.w.org\/{rel}","templated":true}]}}