{"id":1607,"date":"2026-02-12T13:37:58","date_gmt":"2026-02-12T13:37:58","guid":{"rendered":"https:\/\/eskigazeteci.com\/?p=1607"},"modified":"2026-02-12T13:37:58","modified_gmt":"2026-02-12T13:37:58","slug":"besiktasin-yeni-transferleri-imza-toreninde-konustu-gelisim-zor-oldu-ama","status":"publish","type":"post","link":"https:\/\/eskigazeteci.com\/?p=1607","title":{"rendered":"Be\u015fikta\u015f&#8217;\u0131n yeni transferleri imza t\u00f6reninde konu\u015ftu: Geli\u015fim zor oldu ama&#8230;"},"content":{"rendered":"<p>Be\u015fikta\u015f , 7 yeni transferi i\u00e7in \u00f6zel bir imza t\u00f6reni d\u00fczenledi. Ba\u015fkan Serdal Adal\u0131 y\u00f6netimine yap\u0131lan imza t\u00f6reninde, siyah beyazl\u0131lar\u0131n yeni isimleri konu\u015ftu.<\/p>\n<p>Futbolcular\u0131n a\u00e7\u0131klamalar\u0131 \u015fu \u015fekilde oldu:<\/p>\n<p>YAS\u0130N \u00d6ZCAN: &quot;BE\u015e\u0130KTA\u015e SEN\u0130 \u0130ST\u0130YOR DED\u0130LER&#8230;&quot;<\/p>\n<p>Yasin \u00d6zcan: &quot;Be\u015fikta\u015f&#x27;a geldi\u011fim i\u00e7in \u00e7ok mutluyum. Be\u015fikta\u015f&#x27;\u0131n b\u00fcy\u00fckl\u00fc\u011f\u00fcn\u00fc biliyorum ve elimden gelen her \u015feyi yapaca\u011f\u0131m. Bana g\u00fcvenenleri mahcup etmeyece\u011fim. Anderlecht&#x27;teyken telefon \u00e7ald\u0131 ve &#x27;Be\u015fikta\u015f, seni istiyor&#x27; dediler. Hi\u00e7 d\u00fc\u015f\u00fcnmeden kabul ettim. Sergen Yal\u00e7\u0131n \u00e7ok iyi bir teknik adam, hepimiz biliyoruz. Onunla \u00e7al\u0131\u015fmaktan \u00e7ok mutluyum. Sol stoperde daha \u00e7ok rahat ediyorum ama sol bek de oynuyorum. S\u0131k\u0131nt\u0131 ya\u015fam\u0131yorum, fark etmiyor.&quot;<\/p>\n<p>KRISTJAN ASLLANI: &quot;KIRMIZI KART \u0130\u00c7\u0130N \u00d6Z\u00dcR D\u0130L\u0130YORUM&quot;<\/p>\n<p>Kristjan Asllani: &quot;Be\u015fikta\u015f&#x27;ta oldu\u011fum i\u00e7in \u00e7ok mutluyum. Videom da \u00e7ok g\u00fczel olmu\u015f, \u00e7ok be\u011fendim. Ba\u015fkana, Sergen Yal\u00e7\u0131n&#x27;a ve eme\u011fi ge\u00e7en herkese te\u015fekk\u00fcr ederim. Futbolda k\u0131rm\u0131z\u0131 kart olabiliyor, biraz da \u015fanss\u0131zd\u0131m ve ilk ma\u00e7\u0131mda at\u0131ld\u0131m. Hocamdan, tak\u0131m arkada\u015flar\u0131mdan ve camiadan \u00f6z\u00fcr diliyorum. Transfer \u00f6ncesi Hakan \u00c7alhano\u011flu konu\u015fmad\u0131m. Ernest Mu\u00e7i ve Milot Rashica ile konu\u015fum, Be\u015fikta\u015f ile ilgili \u00e7ok g\u00fczel \u015feyler&#8230;<\/p>\n","protected":false},"excerpt":{"rendered":"<p>Be\u015fikta\u015f, ara transfer sezonunda kadrosuna katt\u0131\u011f\u0131 Yasin \u00d6zcan, Asllani, Olaitan, Hyeon-Gyu Oh, Agbadou, Murillo ve Vasquez i\u00e7in imza t\u00f6reni d\u00fczenledi&#8230;.<\/p>\n","protected":false},"author":2,"featured_media":1606,"comment_status":"open","ping_status":"open","sticky":false,"template":"","format":"standard","meta":{"footnotes":""},"categories":[8,5,7],"tags":[],"class_list":["post-1607","post","type-post","status-publish","format-standard","has-post-thumbnail","hentry","category-arsiv","category-son-dakika","category-spor"],"_links":{"self":[{"href":"https:\/\/eskigazeteci.com\/index.php?rest_route=\/wp\/v2\/posts\/1607","targetHints":{"allow":["GET"]}}],"collection":[{"href":"https:\/\/eskigazeteci.com\/index.php?rest_route=\/wp\/v2\/posts"}],"about":[{"href":"https:\/\/eskigazeteci.com\/index.php?rest_route=\/wp\/v2\/types\/post"}],"author":[{"embeddable":true,"href":"https:\/\/eskigazeteci.com\/index.php?rest_route=\/wp\/v2\/users\/2"}],"replies":[{"embeddable":true,"href":"https:\/\/eskigazeteci.com\/index.php?rest_route=%2Fwp%2Fv2%2Fcomments&post=1607"}],"version-history":[{"count":0,"href":"https:\/\/eskigazeteci.com\/index.php?rest_route=\/wp\/v2\/posts\/1607\/revisions"}],"wp:featuredmedia":[{"embeddable":true,"href":"https:\/\/eskigazeteci.com\/index.php?rest_route=\/wp\/v2\/media\/1606"}],"wp:attachment":[{"href":"https:\/\/eskigazeteci.com\/index.php?rest_route=%2Fwp%2Fv2%2Fmedia&parent=1607"}],"wp:term":[{"taxonomy":"category","embeddable":true,"href":"https:\/\/eskigazeteci.com\/index.php?rest_route=%2Fwp%2Fv2%2Fcategories&post=1607"},{"taxonomy":"post_tag","embeddable":true,"href":"https:\/\/eskigazeteci.com\/index.php?rest_route=%2Fwp%2Fv2%2Ftags&post=1607"}],"curies":[{"name":"wp","href":"https:\/\/api.w.org\/{rel}","templated":true}]}}