{"id":1605,"date":"2026-02-12T13:36:26","date_gmt":"2026-02-12T13:36:26","guid":{"rendered":"https:\/\/eskigazeteci.com\/?p=1605"},"modified":"2026-02-12T13:36:26","modified_gmt":"2026-02-12T13:36:26","slug":"gelinim-mutfakta-puan-tablosu-12-subat-2026-bugunun-toplami","status":"publish","type":"post","link":"https:\/\/eskigazeteci.com\/?p=1605","title":{"rendered":"GEL\u0130N\u0130M MUTFAKTA PUAN TABLOSU 12 \u015eUBAT 2026 (BUG\u00dcN\u00dcN TOPLAMI)"},"content":{"rendered":"<p>Gelinim Mutfakta, 12 \u015eubat Per\u015fembe g\u00fcn\u00fc \u00e7eyrek alt\u0131n\u0131 kazanan gelin, kay\u0131nvalidelerin de\u011ferlendirmesinin ard\u0131ndan a\u00e7\u0131kland\u0131. Gelinim Mutfakta&#x27;da Tu\u011fba, Ayten, Alime ve G\u00f6zde gelinlerden biri g\u00fcn\u00fcn en y\u00fcksek puan\u0131n\u0131 toplad\u0131 ve \u00e7eyrek alt\u0131n\u0131 yakas\u0131na takt\u0131. Peki Gelinim Mutfakta \u00e7eyrek alt\u0131n\u0131 kim ald\u0131?<\/p>\n<p>12 \u015eubat Per\u015fembe g\u00fcn\u00fc birincisi Alime oldu. G\u00fcn\u00fcn en y\u00fcksek puan\u0131n\u0131 alan Alime, \u00e7eyrek alt\u0131n\u0131 yakas\u0131na takt\u0131.<\/p>\n<p>Ayten Gelin g\u00fcn\u00fcn eksik 2 ceza puan\u0131 alan ismi oldu.<\/p>\n<p>AL\u0130ME:20 G\u00d6ZDE:19 TU\u011eBA:8 AYTEN:3<\/p>\n<p>AL\u0130ME:20 G\u00d6ZDE:19 TU\u011eBA:8 AYTEN:3<\/p>\n<p>T\u00fcrkiye&#x27;den ve D\u00fcnya\u2019dan son dakika haberleri, k\u00f6\u015fe yaz\u0131lar\u0131, magazinden siyasete, spordan seyahate b\u00fct\u00fcn konular\u0131n tek adresi Hurriyet.com.tr haber i\u00e7erikleri izin al\u0131nmadan, kaynak g\u00f6sterilerek dahi iktibas edilemez. Kanuna ayk\u0131r\u0131 ve izinsiz olarak kopyalanamaz, ba\u015fka yerde yay\u0131nlanamaz.<\/p>\n","protected":false},"excerpt":{"rendered":"<p>Gelinim Mutfakta&#8217;da haftan\u0131n finali \u00f6ncesi gelinlerin rekabeti h\u0131zland\u0131. Bug\u00fcn\u00fcn \u00e7eyrek alt\u0131n kazanan gelini kay\u0131nvalidelerin de\u011ferlendirmesinin ard\u0131ndan&#8230;<\/p>\n","protected":false},"author":2,"featured_media":1604,"comment_status":"open","ping_status":"open","sticky":false,"template":"","format":"standard","meta":{"footnotes":""},"categories":[8,6,5],"tags":[],"class_list":["post-1605","post","type-post","status-publish","format-standard","has-post-thumbnail","hentry","category-arsiv","category-gundem","category-son-dakika"],"_links":{"self":[{"href":"https:\/\/eskigazeteci.com\/index.php?rest_route=\/wp\/v2\/posts\/1605","targetHints":{"allow":["GET"]}}],"collection":[{"href":"https:\/\/eskigazeteci.com\/index.php?rest_route=\/wp\/v2\/posts"}],"about":[{"href":"https:\/\/eskigazeteci.com\/index.php?rest_route=\/wp\/v2\/types\/post"}],"author":[{"embeddable":true,"href":"https:\/\/eskigazeteci.com\/index.php?rest_route=\/wp\/v2\/users\/2"}],"replies":[{"embeddable":true,"href":"https:\/\/eskigazeteci.com\/index.php?rest_route=%2Fwp%2Fv2%2Fcomments&post=1605"}],"version-history":[{"count":0,"href":"https:\/\/eskigazeteci.com\/index.php?rest_route=\/wp\/v2\/posts\/1605\/revisions"}],"wp:featuredmedia":[{"embeddable":true,"href":"https:\/\/eskigazeteci.com\/index.php?rest_route=\/wp\/v2\/media\/1604"}],"wp:attachment":[{"href":"https:\/\/eskigazeteci.com\/index.php?rest_route=%2Fwp%2Fv2%2Fmedia&parent=1605"}],"wp:term":[{"taxonomy":"category","embeddable":true,"href":"https:\/\/eskigazeteci.com\/index.php?rest_route=%2Fwp%2Fv2%2Fcategories&post=1605"},{"taxonomy":"post_tag","embeddable":true,"href":"https:\/\/eskigazeteci.com\/index.php?rest_route=%2Fwp%2Fv2%2Ftags&post=1605"}],"curies":[{"name":"wp","href":"https:\/\/api.w.org\/{rel}","templated":true}]}}