{"id":1603,"date":"2026-02-12T13:31:01","date_gmt":"2026-02-12T13:31:01","guid":{"rendered":"https:\/\/eskigazeteci.com\/?p=1603"},"modified":"2026-02-12T13:31:01","modified_gmt":"2026-02-12T13:31:01","slug":"nils-firtinasi-hayati-felc-etti-fransa-karanliga-gomuldu","status":"publish","type":"post","link":"https:\/\/eskigazeteci.com\/?p=1603","title":{"rendered":"Nils F\u0131rt\u0131nas\u0131 hayat\u0131 fel\u00e7 etti: Fransa karanl\u0131\u011fa g\u00f6m\u00fcld\u00fc"},"content":{"rendered":"<p>Frans\u0131z meteoroloji servisi Meteo-France, \u00fclkede sert r\u00fczgar, sel ve \u00e7\u0131\u011f riski nedeniyle 5 vilayet i\u00e7in k\u0131rm\u0131z\u0131, 29 vilayet i\u00e7in ise turuncu alarm verildi\u011fini a\u00e7\u0131klad\u0131.<\/p>\n<p>Gece saatlerinde r\u00fczgar\u0131n h\u0131z\u0131, \u00fclkenin g\u00fcneybat\u0131s\u0131nda saatte 162 kilometreye ula\u015ft\u0131\u011f\u0131 kaydedildi.<\/p>\n<p>Fransa \u0130\u00e7i\u015fleri Bakan\u0131 Laurent Nunez, ABD merkezli X \u015firketinin sosyal medya platformundan yapt\u0131\u011f\u0131 a\u00e7\u0131klamada, Nils F\u0131rt\u0131nas\u0131&#x27;n\u0131n \u00fclkenin g\u00fcneybat\u0131s\u0131nda etkili oldu\u011funu belirtti.<\/p>\n<p>Nunez, ara\u00e7lar\u0131n\u0131n \u00fczerine a\u011fa\u00e7 d\u00fc\u015fmesi sonucu Landes vilayetinde bir ki\u015finin hayat\u0131n\u0131 kaybetti\u011fini, Castelsarrasin kentinde ise bir ki\u015finin a\u011f\u0131r yaraland\u0131\u011f\u0131n\u0131 aktararak vatanda\u015flar\u0131 dikkatli olmaya ve yerel g\u00fcvenlik talimatlar\u0131na uymaya \u00e7a\u011f\u0131rd\u0131.<\/p>\n<p>Fransa &#x27;n\u0131n elektrik altyap\u0131s\u0131 ve bak\u0131m\u0131ndan sorumlu kurulu\u015fu Enedis&#x27;ten yap\u0131lan a\u00e7\u0131klamada, Nils F\u0131rt\u0131nas\u0131 nedeniyle \u00fclkede 900 bin hanede elektrik kesintisi ya\u015fand\u0131\u011f\u0131 bildirildi.<\/p>\n<p>N\u0130LS FIRTINASI G\u00dcNL\u00dcK HAYATI VE ULA\u015eIMI OLUMSUZ ETK\u0130L\u0130YOR<\/p>\n<p>F\u0131rt\u0131na g\u00fcnl\u00fck hayat\u0131 ve ula\u015f\u0131m\u0131 olumsuz etkilerken, sert r\u00fczgar nedeniyle \u00fclkenin g\u00fcneyinde Bordo ba\u015fta olmak \u00fczere, farkl\u0131 kentlerde a\u011fa\u00e7lar k\u00f6k\u00fcnden s\u00f6k\u00fclerek yollara d\u00fc\u015ft\u00fc.<\/p>\n<p>Bu durum, yol, otoyol ve tren seferlerinde aksamalara neden oluyor.<\/p>\n<p>Aude&#8230;<\/p>\n","protected":false},"excerpt":{"rendered":"<p>Fransa&#8217;da etkili olan Nils F\u0131rt\u0131nas\u0131 nedeniyle 900 bin hanede elektrik kesildi.<\/p>\n","protected":false},"author":2,"featured_media":1602,"comment_status":"open","ping_status":"open","sticky":false,"template":"","format":"standard","meta":{"footnotes":""},"categories":[8,6,5],"tags":[],"class_list":["post-1603","post","type-post","status-publish","format-standard","has-post-thumbnail","hentry","category-arsiv","category-gundem","category-son-dakika"],"_links":{"self":[{"href":"https:\/\/eskigazeteci.com\/index.php?rest_route=\/wp\/v2\/posts\/1603","targetHints":{"allow":["GET"]}}],"collection":[{"href":"https:\/\/eskigazeteci.com\/index.php?rest_route=\/wp\/v2\/posts"}],"about":[{"href":"https:\/\/eskigazeteci.com\/index.php?rest_route=\/wp\/v2\/types\/post"}],"author":[{"embeddable":true,"href":"https:\/\/eskigazeteci.com\/index.php?rest_route=\/wp\/v2\/users\/2"}],"replies":[{"embeddable":true,"href":"https:\/\/eskigazeteci.com\/index.php?rest_route=%2Fwp%2Fv2%2Fcomments&post=1603"}],"version-history":[{"count":0,"href":"https:\/\/eskigazeteci.com\/index.php?rest_route=\/wp\/v2\/posts\/1603\/revisions"}],"wp:featuredmedia":[{"embeddable":true,"href":"https:\/\/eskigazeteci.com\/index.php?rest_route=\/wp\/v2\/media\/1602"}],"wp:attachment":[{"href":"https:\/\/eskigazeteci.com\/index.php?rest_route=%2Fwp%2Fv2%2Fmedia&parent=1603"}],"wp:term":[{"taxonomy":"category","embeddable":true,"href":"https:\/\/eskigazeteci.com\/index.php?rest_route=%2Fwp%2Fv2%2Fcategories&post=1603"},{"taxonomy":"post_tag","embeddable":true,"href":"https:\/\/eskigazeteci.com\/index.php?rest_route=%2Fwp%2Fv2%2Ftags&post=1603"}],"curies":[{"name":"wp","href":"https:\/\/api.w.org\/{rel}","templated":true}]}}