{"id":1601,"date":"2026-02-12T13:29:29","date_gmt":"2026-02-12T13:29:29","guid":{"rendered":"https:\/\/eskigazeteci.com\/?p=1601"},"modified":"2026-02-12T13:29:29","modified_gmt":"2026-02-12T13:29:29","slug":"genclerbirliginden-anitkabir-ziyareti","status":"publish","type":"post","link":"https:\/\/eskigazeteci.com\/?p=1601","title":{"rendered":"Gen\u00e7lerbirli\u011fi\u2019nden An\u0131tkabir ziyareti"},"content":{"rendered":"<p>Gen\u00e7lerbirli\u011fi tak\u0131m halinde Ata\u2019n\u0131n huzuruna \u00e7\u0131kt\u0131. An\u0131tkabir meydan\u0131ndan y\u00fcr\u00fcyerek \u00fczerinde &#x27;Gen\u00e7lerbirli\u011fi Spor Kul\u00fcb\u00fc&#x27; yaz\u0131l\u0131 k\u0131rm\u0131z\u0131-beyaz karanfillerden olu\u015fan \u00e7elengi mozoleye koyan Ba\u015fkan Haydar Arda \u00c7akmak, y\u00f6netim kurulu \u00fcyeleri, futbolcular, teknik ekip ve taraftarlar sayg\u0131 duru\u015funda bulundu. An\u0131tkabir merdivenlerinde toplu olarak hat\u0131ra foto\u011fraf\u0131 \u00e7ektiren Ba\u015fkent ekibi daha sonra Misak-\u0131 Milli Kulesi\u2019ne ge\u00e7ti.<\/p>\n<p>Burada An\u0131tkabir \u00d6zel Defteri\u2019ni yazan Gen\u00e7lerbirli\u011fi Ba\u015fkan\u0131 Haydar Arda \u00c7akmak, \u015fu ifadeleri kulland\u0131:<\/p>\n<p>\u201cCumhuriyetimizin Kurucusu, Ulu \u00d6nderimiz, Aziz Atat\u00fcrk , Milli M\u00fccadelemize karargah, devletimize ba\u015fkent se\u00e7ti\u011fin Ankara\u2019m\u0131z\u0131 temsil eden Gen\u00e7lerbirli\u011fi olarak huzurunday\u0131z. \u015e\u00fcphesiz ki silah arkada\u015flar\u0131n\u0131zla birlikte cesaret ve ferasetle tarihin ak\u0131\u015f\u0131n\u0131 de\u011fi\u015ftirmeseydiniz ne Ankara ba\u015fkent olur ne de Gen\u00e7lerbirli\u011fi bu \u015fehrin liseli \u00e7ocuklar\u0131 taraf\u0131ndan kurulabilirdi. En b\u00fcy\u00fck gururumuz Cumhuriyetimizle ya\u015f\u0131t olmak. En b\u00fcy\u00fck onurumuz 103 senedir bu \u015fehrin gen\u00e7lerine umut olmak. Ald\u0131\u011f\u0131m\u0131z her nefeste oldu\u011fu gibi sana duydu\u011fumuz \u015f\u00fckran\u0131 bug\u00fcn burada kayda ge\u00e7irmekten son derece mutluyuz. Yapt\u0131klar\u0131n bize \u0131\u015f\u0131k versin. En i\u00e7ten sayg\u0131lar\u0131m\u0131zla.\u201d<\/p>\n<p>T\u00fcrkiye&#x27;den ve&#8230;<\/p>\n","protected":false},"excerpt":{"rendered":"<p>S\u00fcper Lig ekiplerinden Gen\u00e7lerbirli\u011fi; ba\u015fkan, y\u00f6netim kurulu \u00fcyeleri, teknik ekip ve futbolcular ile birlikte An\u0131tkabir\u2019i ziyaret etti.<\/p>\n","protected":false},"author":2,"featured_media":1600,"comment_status":"open","ping_status":"open","sticky":false,"template":"","format":"standard","meta":{"footnotes":""},"categories":[8,5,7],"tags":[],"class_list":["post-1601","post","type-post","status-publish","format-standard","has-post-thumbnail","hentry","category-arsiv","category-son-dakika","category-spor"],"_links":{"self":[{"href":"https:\/\/eskigazeteci.com\/index.php?rest_route=\/wp\/v2\/posts\/1601","targetHints":{"allow":["GET"]}}],"collection":[{"href":"https:\/\/eskigazeteci.com\/index.php?rest_route=\/wp\/v2\/posts"}],"about":[{"href":"https:\/\/eskigazeteci.com\/index.php?rest_route=\/wp\/v2\/types\/post"}],"author":[{"embeddable":true,"href":"https:\/\/eskigazeteci.com\/index.php?rest_route=\/wp\/v2\/users\/2"}],"replies":[{"embeddable":true,"href":"https:\/\/eskigazeteci.com\/index.php?rest_route=%2Fwp%2Fv2%2Fcomments&post=1601"}],"version-history":[{"count":0,"href":"https:\/\/eskigazeteci.com\/index.php?rest_route=\/wp\/v2\/posts\/1601\/revisions"}],"wp:featuredmedia":[{"embeddable":true,"href":"https:\/\/eskigazeteci.com\/index.php?rest_route=\/wp\/v2\/media\/1600"}],"wp:attachment":[{"href":"https:\/\/eskigazeteci.com\/index.php?rest_route=%2Fwp%2Fv2%2Fmedia&parent=1601"}],"wp:term":[{"taxonomy":"category","embeddable":true,"href":"https:\/\/eskigazeteci.com\/index.php?rest_route=%2Fwp%2Fv2%2Fcategories&post=1601"},{"taxonomy":"post_tag","embeddable":true,"href":"https:\/\/eskigazeteci.com\/index.php?rest_route=%2Fwp%2Fv2%2Ftags&post=1601"}],"curies":[{"name":"wp","href":"https:\/\/api.w.org\/{rel}","templated":true}]}}