{"id":1599,"date":"2026-02-12T13:27:57","date_gmt":"2026-02-12T13:27:57","guid":{"rendered":"https:\/\/eskigazeteci.com\/?p=1599"},"modified":"2026-02-12T13:27:57","modified_gmt":"2026-02-12T13:27:57","slug":"tofas-emil-rajkovic-ile-yollarini-ayirdi","status":"publish","type":"post","link":"https:\/\/eskigazeteci.com\/?p=1599","title":{"rendered":"TOFA\u015e, Emil Rajkovic ile yollar\u0131n\u0131 ay\u0131rd\u0131"},"content":{"rendered":"<p>Basketbol S\u00fcper Ligi ekiplerinden TOFA\u015e, ba\u015fantren\u00f6r Emil Rajkovic ile kar\u015f\u0131l\u0131kl\u0131 anla\u015farak yollar\u0131n\u0131 ay\u0131rd\u0131\u011f\u0131n\u0131 duyurdu.<\/p>\n","protected":false},"excerpt":{"rendered":"<p>Basketbol S\u00fcper Ligi ekiplerinden TOFA\u015e, ba\u015fantren\u00f6r Emil Rajkovic ile kar\u015f\u0131l\u0131kl\u0131 anla\u015farak yollar\u0131n\u0131 ay\u0131rd\u0131\u011f\u0131n\u0131 duyurdu.<\/p>\n","protected":false},"author":2,"featured_media":1598,"comment_status":"open","ping_status":"open","sticky":false,"template":"","format":"standard","meta":{"footnotes":""},"categories":[8,5,7],"tags":[],"class_list":["post-1599","post","type-post","status-publish","format-standard","has-post-thumbnail","hentry","category-arsiv","category-son-dakika","category-spor"],"_links":{"self":[{"href":"https:\/\/eskigazeteci.com\/index.php?rest_route=\/wp\/v2\/posts\/1599","targetHints":{"allow":["GET"]}}],"collection":[{"href":"https:\/\/eskigazeteci.com\/index.php?rest_route=\/wp\/v2\/posts"}],"about":[{"href":"https:\/\/eskigazeteci.com\/index.php?rest_route=\/wp\/v2\/types\/post"}],"author":[{"embeddable":true,"href":"https:\/\/eskigazeteci.com\/index.php?rest_route=\/wp\/v2\/users\/2"}],"replies":[{"embeddable":true,"href":"https:\/\/eskigazeteci.com\/index.php?rest_route=%2Fwp%2Fv2%2Fcomments&post=1599"}],"version-history":[{"count":0,"href":"https:\/\/eskigazeteci.com\/index.php?rest_route=\/wp\/v2\/posts\/1599\/revisions"}],"wp:featuredmedia":[{"embeddable":true,"href":"https:\/\/eskigazeteci.com\/index.php?rest_route=\/wp\/v2\/media\/1598"}],"wp:attachment":[{"href":"https:\/\/eskigazeteci.com\/index.php?rest_route=%2Fwp%2Fv2%2Fmedia&parent=1599"}],"wp:term":[{"taxonomy":"category","embeddable":true,"href":"https:\/\/eskigazeteci.com\/index.php?rest_route=%2Fwp%2Fv2%2Fcategories&post=1599"},{"taxonomy":"post_tag","embeddable":true,"href":"https:\/\/eskigazeteci.com\/index.php?rest_route=%2Fwp%2Fv2%2Ftags&post=1599"}],"curies":[{"name":"wp","href":"https:\/\/api.w.org\/{rel}","templated":true}]}}