{"id":1597,"date":"2026-02-12T13:26:25","date_gmt":"2026-02-12T13:26:25","guid":{"rendered":"https:\/\/eskigazeteci.com\/?p=1597"},"modified":"2026-02-12T13:26:25","modified_gmt":"2026-02-12T13:26:25","slug":"survivor-nagihan-elendi-mi-diskalifiye-mi-oldu-2026-survivor-nagihan-serenay-kavgasi-son-durum","status":"publish","type":"post","link":"https:\/\/eskigazeteci.com\/?p=1597","title":{"rendered":"Survivor Nagihan elendi mi, diskalifiye mi oldu? 2026 Survivor Nagihan Serenay kavgas\u0131 son durum!"},"content":{"rendered":"<p>Survivor Nagihan Seren Ay kavgas\u0131 son dakika geli\u015fmesi fragmanda yay\u0131mland\u0131. Bu ak\u015fam ekrana gelecek olan yeni b\u00f6l\u00fcmde Nagihan&#x27;\u0131n fiziksel \u015fiddetle Seren Ay&#x27;a zarar verdi\u011fi Acun Il\u0131cal\u0131 taraf\u0131ndan a\u00e7\u0131kland\u0131. \u015eimdi ise g\u00f6zler konseyden \u00e7\u0131kacak olan karara \u00e7evrildi. Peki, Survivor Nagihan elendi mi, Nagihan diskalifiye mi oldu? \u0130\u015fte detaylar&#8230;<\/p>\n<p>Survivor Nagihan Seren Ay kavgas\u0131 son dakika geli\u015fmesi fragmanda yay\u0131mland\u0131. Bu ak\u015fam ekrana gelecek olan yeni b\u00f6l\u00fcmde Nagihan&#x27;\u0131n fiziksel \u015fiddetle Seren Ay&#x27;a zarar verdi\u011fi Acun Il\u0131cal\u0131 taraf\u0131ndan a\u00e7\u0131kland\u0131. \u015eimdi ise g\u00f6zler konseyden \u00e7\u0131kacak olan karara \u00e7evrildi. Peki, Survivor Nagihan elendi mi, Nagihan diskalifiye mi oldu? \u0130\u015fte detaylar&#8230;<\/p>\n<p>Acun Il\u0131cal\u0131 yay\u0131mlanan Survivor yeni b\u00f6l\u00fcm fragman\u0131nda, &quot;D\u00fc\u015fmesini bekledi\u011fimiz tansiyon d\u00fc\u015fmedi. Gerilim \u00e7ok artt\u0131. Sonunda da Nagihan Seren Ay&#x27;a sald\u0131rd\u0131. Seren Ay&#x27;\u0131n kolunda maalesef hasar var. Kendisi g\u00f6zetim alt\u0131nda.<\/p>\n<p>Acun Il\u0131cal\u0131 yay\u0131mlanan Survivor yeni b\u00f6l\u00fcm fragman\u0131nda, &quot;D\u00fc\u015fmesini bekledi\u011fimiz tansiyon d\u00fc\u015fmedi. Gerilim \u00e7ok artt\u0131. Sonunda da Nagihan Seren Ay&#x27;a sald\u0131rd\u0131. Seren Ay&#x27;\u0131n kolunda maalesef hasar var. Kendisi g\u00f6zetim alt\u0131nda.<\/p>\n<p>Uyarmaya \u00e7al\u0131\u015ft\u0131m olmad\u0131. Maalesef Nagihan&#x27;\u0131 durduramad\u0131m&#8230;.<\/p>\n","protected":false},"excerpt":{"rendered":"<p>2026 Survivor Nagihan Seren Ay kavgas\u0131 g\u00fcndemde yer al\u0131yor. \u0130kilinin s\u00f6zl\u00fc tart\u0131\u015fmas\u0131 fiziksel kavgaya d\u00f6n\u00fc\u015f\u00fcnce, Acun Il\u0131cal\u0131 acil durum konseyi&#8230;<\/p>\n","protected":false},"author":2,"featured_media":1596,"comment_status":"open","ping_status":"open","sticky":false,"template":"","format":"standard","meta":{"footnotes":""},"categories":[8,6,5],"tags":[],"class_list":["post-1597","post","type-post","status-publish","format-standard","has-post-thumbnail","hentry","category-arsiv","category-gundem","category-son-dakika"],"_links":{"self":[{"href":"https:\/\/eskigazeteci.com\/index.php?rest_route=\/wp\/v2\/posts\/1597","targetHints":{"allow":["GET"]}}],"collection":[{"href":"https:\/\/eskigazeteci.com\/index.php?rest_route=\/wp\/v2\/posts"}],"about":[{"href":"https:\/\/eskigazeteci.com\/index.php?rest_route=\/wp\/v2\/types\/post"}],"author":[{"embeddable":true,"href":"https:\/\/eskigazeteci.com\/index.php?rest_route=\/wp\/v2\/users\/2"}],"replies":[{"embeddable":true,"href":"https:\/\/eskigazeteci.com\/index.php?rest_route=%2Fwp%2Fv2%2Fcomments&post=1597"}],"version-history":[{"count":0,"href":"https:\/\/eskigazeteci.com\/index.php?rest_route=\/wp\/v2\/posts\/1597\/revisions"}],"wp:featuredmedia":[{"embeddable":true,"href":"https:\/\/eskigazeteci.com\/index.php?rest_route=\/wp\/v2\/media\/1596"}],"wp:attachment":[{"href":"https:\/\/eskigazeteci.com\/index.php?rest_route=%2Fwp%2Fv2%2Fmedia&parent=1597"}],"wp:term":[{"taxonomy":"category","embeddable":true,"href":"https:\/\/eskigazeteci.com\/index.php?rest_route=%2Fwp%2Fv2%2Fcategories&post=1597"},{"taxonomy":"post_tag","embeddable":true,"href":"https:\/\/eskigazeteci.com\/index.php?rest_route=%2Fwp%2Fv2%2Ftags&post=1597"}],"curies":[{"name":"wp","href":"https:\/\/api.w.org\/{rel}","templated":true}]}}