{"id":1591,"date":"2026-02-12T13:07:57","date_gmt":"2026-02-12T13:07:57","guid":{"rendered":"https:\/\/eskigazeteci.com\/?p=1591"},"modified":"2026-02-12T13:07:57","modified_gmt":"2026-02-12T13:07:57","slug":"esref-ruyaya-intizarin-yeni-sarkisi-bicak-damga-vurdu","status":"publish","type":"post","link":"https:\/\/eskigazeteci.com\/?p=1591","title":{"rendered":"E\u015fref R\u00fcya&#8217;ya \u0130ntizar&#8217;\u0131n yeni \u015fark\u0131s\u0131 B\u0131\u00e7ak damga vurdu"},"content":{"rendered":"<p>\u0130ntizar\u2019\u0131n yeni \u015fark\u0131s\u0131 \u201cB\u0131\u00e7ak\u201d, ayn\u0131 zamanda \u00e7ok konu\u015fulan dizi E\u015fraf R\u00fcya \u2019da yer almas\u0131yla birlikte bir anda arama trendlerine girdi. Diziyle e\u015f zamanl\u0131 gelen s\u00fcrpriz \u00e7\u0131k\u0131\u015f, sosyal medyada ve m\u00fczik platformlar\u0131nda b\u00fcy\u00fck ilgi toplad\u0131.<\/p>\n<p>S\u00f6z ve bestesi \u0130ntizar imzas\u0131 ta\u015f\u0131yan, d\u00fczenlemesi Tar\u0131k \u0130ster taraf\u0131ndan yap\u0131lan \u201c B\u0131\u00e7ak \u201d, sanat\u00e7\u0131n\u0131n y\u0131llard\u0131r beklenen yeni alb\u00fcm\u00fcn\u00fcn de ilk g\u00fc\u00e7l\u00fc habercisi niteli\u011finde.<\/p>\n<p>Duygusal yo\u011funlu\u011fu, g\u00fc\u00e7l\u00fc anlat\u0131m\u0131 ve atmosferiyle dinleyiciyi ilk andan i\u00e7ine \u00e7eken \u015fark\u0131, \u0130ntizar\u2019\u0131n m\u00fczikal d\u00f6n\u00fc\u015f\u00fcn\u00fc etkileyici bir \u015fekilde ta\u00e7land\u0131r\u0131yor.<\/p>\n<p>\u015eark\u0131n\u0131n g\u00f6rsel d\u00fcnyas\u0131 ba\u015far\u0131l\u0131 foto\u011fraf\u00e7\u0131 Muhsin Akg\u00fcn\u2019\u00fcn objektifinden \u00e7\u0131karken, \u0130ntizar \u2019\u0131n styling\u2019ini stil dan\u0131\u015fman\u0131 Tu\u011f\u00e7e Demir \u00fcstlendi. Kariyerinin en kapsaml\u0131 projelerinden biri i\u00e7in Sony Music T\u00fcrkiye ile \u00f6zel bir anla\u015fmaya imza atan \u0130ntizar, yeni \u015fark\u0131lar\u0131n\u0131 s\u00fcrprizlerle dolu bir takvimle m\u00fczikseverlerle bulu\u015fturdu.<\/p>\n<p>\u0130LKAY S\u0130PAH\u0130\u2019DEN YEN\u0130 D\u00d6NEM: &#x27;&#x27;SEN D\u0130YE&#x27;&#x27; SESS\u0130Z KABULLEN\u0130\u015e!<\/p>\n<p>M\u00fczikal d\u00f6neminin yeni perdesini aralayan \u0130lkay Sipahi, Sen Diye adl\u0131 yeni teklisini dinleyicinin be\u011fenisine sundu. St\u00fcdyoda ge\u00e7en yo\u011fun ve kesintisiz bir \u00fcretim s\u00fcrecinin \u00fcr\u00fcn\u00fc olan \u015fark\u0131, sanat\u00e7\u0131n\u0131n m\u00fczikal yolculu\u011funda daha derin&#8230;<\/p>\n","protected":false},"excerpt":{"rendered":"<p>\u0130ntizar\u2019\u0131n yeni \u015fark\u0131s\u0131 \u201cB\u0131\u00e7ak\u201d, 10 \u015eubat itibar\u0131yla t\u00fcm dijital platformlarda yerini ald\u0131. Sevilen sanat\u00e7\u0131 \u0130ntizar, uzun s\u00fcredir merakla beklenen d\u00f6n\u00fc\u015f\u00fcn\u00fc&#8230;<\/p>\n","protected":false},"author":2,"featured_media":1590,"comment_status":"open","ping_status":"open","sticky":false,"template":"","format":"standard","meta":{"footnotes":""},"categories":[8,6,5],"tags":[],"class_list":["post-1591","post","type-post","status-publish","format-standard","has-post-thumbnail","hentry","category-arsiv","category-gundem","category-son-dakika"],"_links":{"self":[{"href":"https:\/\/eskigazeteci.com\/index.php?rest_route=\/wp\/v2\/posts\/1591","targetHints":{"allow":["GET"]}}],"collection":[{"href":"https:\/\/eskigazeteci.com\/index.php?rest_route=\/wp\/v2\/posts"}],"about":[{"href":"https:\/\/eskigazeteci.com\/index.php?rest_route=\/wp\/v2\/types\/post"}],"author":[{"embeddable":true,"href":"https:\/\/eskigazeteci.com\/index.php?rest_route=\/wp\/v2\/users\/2"}],"replies":[{"embeddable":true,"href":"https:\/\/eskigazeteci.com\/index.php?rest_route=%2Fwp%2Fv2%2Fcomments&post=1591"}],"version-history":[{"count":0,"href":"https:\/\/eskigazeteci.com\/index.php?rest_route=\/wp\/v2\/posts\/1591\/revisions"}],"wp:featuredmedia":[{"embeddable":true,"href":"https:\/\/eskigazeteci.com\/index.php?rest_route=\/wp\/v2\/media\/1590"}],"wp:attachment":[{"href":"https:\/\/eskigazeteci.com\/index.php?rest_route=%2Fwp%2Fv2%2Fmedia&parent=1591"}],"wp:term":[{"taxonomy":"category","embeddable":true,"href":"https:\/\/eskigazeteci.com\/index.php?rest_route=%2Fwp%2Fv2%2Fcategories&post=1591"},{"taxonomy":"post_tag","embeddable":true,"href":"https:\/\/eskigazeteci.com\/index.php?rest_route=%2Fwp%2Fv2%2Ftags&post=1591"}],"curies":[{"name":"wp","href":"https:\/\/api.w.org\/{rel}","templated":true}]}}