{"id":1587,"date":"2026-02-12T13:04:05","date_gmt":"2026-02-12T13:04:05","guid":{"rendered":"https:\/\/eskigazeteci.com\/?p=1587"},"modified":"2026-02-12T13:04:05","modified_gmt":"2026-02-12T13:04:05","slug":"emmiyi-diplomatik-plakali-aracla-kacirdilar-6-supheli-yakalandi","status":"publish","type":"post","link":"https:\/\/eskigazeteci.com\/?p=1587","title":{"rendered":"&#8216;Emmi&#8217;yi diplomatik plakal\u0131 ara\u00e7la ka\u00e7\u0131rd\u0131lar: 6 \u015f\u00fcpheli yakaland\u0131"},"content":{"rendered":"<p>Kuzey K\u0131br\u0131s T\u00fcrk Cumhuriyeti\u2019nde (KKTC) bir\u00e7ok i\u015f yerinin kur\u015funlanmas\u0131 ve hara\u00e7 olaylar\u0131n\u0131n faili olarak aranan \u2018Casperlar\u2019 su\u00e7 \u00f6rg\u00fct\u00fcn\u00fcn \u00f6nde gelen \u00fcyelerinden \u2018Emmi\u2019 kod adl\u0131 Mehmet Kurto\u011flu , 1 \u015eubat\u2019ta yasa d\u0131\u015f\u0131 yollarla T\u00fcrkiye\u2019den ka\u00e7t\u0131. Kurto\u011flu, Romanya\u2019da yakalanmas\u0131n\u0131n ard\u0131ndan 9 \u015eubat\u2019ta teslim edildi\u011fi T\u00fcrkiye\u2019de tutukland\u0131.<\/p>\n<p>Kurto\u011flu&#x27;nun ka\u00e7mas\u0131nda organizat\u00f6rlerin tespiti amac\u0131yla, Edirne Cumhuriyet Ba\u015fsavc\u0131l\u0131\u011f\u0131 taraf\u0131ndan \u2018g\u00f6\u00e7men ka\u00e7ak\u00e7\u0131l\u0131\u011f\u0131\u2019 su\u00e7uyla soru\u015fturma ba\u015flat\u0131ld\u0131. Kamera g\u00f6r\u00fcnt\u00fcs\u00fc incelemeleri ve analiz \u00e7al\u0131\u015fmalar\u0131 sonucunda Kurto\u011flu\u2019nun konaklad\u0131\u011f\u0131 yerden al\u0131n\u0131p, hudut kap\u0131s\u0131na g\u00f6t\u00fcr\u00fcld\u00fc\u011f\u00fc, Vietnam Sosyalist Cumhuriyeti \u0130stanbul Ba\u015fkonsoloslu\u011fu\u2019na ait diplomatik plakal\u0131 ara\u00e7la yurt d\u0131\u015f\u0131na \u00e7\u0131k\u0131\u015f yapt\u0131\u011f\u0131 tespit edildi.<\/p>\n<p>ADL\u0130YEYE SEVK ED\u0130LD\u0130LER<\/p>\n<p>\u0130l Emniyet M\u00fcd\u00fcrl\u00fc\u011f\u00fc G\u00f6\u00e7men Ka\u00e7ak\u00e7\u0131l\u0131\u011f\u0131yla M\u00fccadele ile Asayi\u015f ve \u0130stihbarat \u015eube M\u00fcd\u00fcrl\u00fc\u011f\u00fc ekiplerinin y\u00fcr\u00fctt\u00fc\u011f\u00fc \u00e7al\u0131\u015fmada Kurto\u011flu&#x27;nun ka\u00e7mas\u0131na yard\u0131m ettikleri belirlenen A.\u00c7., B.B.\u00c7., F.O., M.G., C.\u00d6. ve A.Y.F. yakalan\u0131p g\u00f6zalt\u0131na al\u0131nd\u0131. \u015e\u00fcpheliler, emniyetteki i\u015flemlerinin ard\u0131ndan adliyeye sevk edildi.<\/p>\n<p>T\u00fcrkiye g\u00fcndeminden son dakika haberleri, bug\u00fcn ya\u015fanan en son geli\u015fmeler, siyaset g\u00fcndeminden g\u00fcncel&#8230;<\/p>\n","protected":false},"excerpt":{"rendered":"<p>Edirne\u2019de, \u2018Casperlar\u2019 su\u00e7 \u00f6rg\u00fct\u00fc \u00fcyelerinden \u2018Emmi\u2019 kod adl\u0131 Mehmet Kurto\u011flu\u2019nun, Vietnam Sosyalist Cumhuriyeti \u0130stanbul Ba\u015fkonsoloslu\u011fu\u2019na ait diplomatik&#8230;<\/p>\n","protected":false},"author":2,"featured_media":1586,"comment_status":"open","ping_status":"open","sticky":false,"template":"","format":"standard","meta":{"footnotes":""},"categories":[8,6,5],"tags":[],"class_list":["post-1587","post","type-post","status-publish","format-standard","has-post-thumbnail","hentry","category-arsiv","category-gundem","category-son-dakika"],"_links":{"self":[{"href":"https:\/\/eskigazeteci.com\/index.php?rest_route=\/wp\/v2\/posts\/1587","targetHints":{"allow":["GET"]}}],"collection":[{"href":"https:\/\/eskigazeteci.com\/index.php?rest_route=\/wp\/v2\/posts"}],"about":[{"href":"https:\/\/eskigazeteci.com\/index.php?rest_route=\/wp\/v2\/types\/post"}],"author":[{"embeddable":true,"href":"https:\/\/eskigazeteci.com\/index.php?rest_route=\/wp\/v2\/users\/2"}],"replies":[{"embeddable":true,"href":"https:\/\/eskigazeteci.com\/index.php?rest_route=%2Fwp%2Fv2%2Fcomments&post=1587"}],"version-history":[{"count":0,"href":"https:\/\/eskigazeteci.com\/index.php?rest_route=\/wp\/v2\/posts\/1587\/revisions"}],"wp:featuredmedia":[{"embeddable":true,"href":"https:\/\/eskigazeteci.com\/index.php?rest_route=\/wp\/v2\/media\/1586"}],"wp:attachment":[{"href":"https:\/\/eskigazeteci.com\/index.php?rest_route=%2Fwp%2Fv2%2Fmedia&parent=1587"}],"wp:term":[{"taxonomy":"category","embeddable":true,"href":"https:\/\/eskigazeteci.com\/index.php?rest_route=%2Fwp%2Fv2%2Fcategories&post=1587"},{"taxonomy":"post_tag","embeddable":true,"href":"https:\/\/eskigazeteci.com\/index.php?rest_route=%2Fwp%2Fv2%2Ftags&post=1587"}],"curies":[{"name":"wp","href":"https:\/\/api.w.org\/{rel}","templated":true}]}}