{"id":1585,"date":"2026-02-12T13:02:33","date_gmt":"2026-02-12T13:02:33","guid":{"rendered":"https:\/\/eskigazeteci.com\/?p=1585"},"modified":"2026-02-12T13:02:33","modified_gmt":"2026-02-12T13:02:33","slug":"ispartada-cezaevi-ring-araci-devrildi-3-askeri-personel-yaralandi","status":"publish","type":"post","link":"https:\/\/eskigazeteci.com\/?p=1585","title":{"rendered":"Isparta&#8217;da cezaevi ring arac\u0131 devrildi: 3 askeri personel yaraland\u0131"},"content":{"rendered":"<p>Isparta&#8217;da cezaevi ring arac\u0131n\u0131n devrildi\u011fi kazada 3 askeri personel yaraland\u0131. \u0130hbar \u00fczerine kaza yerine sa\u011fl\u0131k, itfaiye ve polis ekipleri sevk edildi&#8230;.<\/p>\n","protected":false},"excerpt":{"rendered":"<p>Isparta&#8217;da cezaevi ring arac\u0131n\u0131n devrildi\u011fi kazada 3 askeri personel yaraland\u0131. \u0130hbar \u00fczerine kaza yerine sa\u011fl\u0131k, itfaiye ve polis ekipleri sevk edildi&#8230;.<\/p>\n","protected":false},"author":2,"featured_media":1584,"comment_status":"open","ping_status":"open","sticky":false,"template":"","format":"standard","meta":{"footnotes":""},"categories":[8,6,5],"tags":[],"class_list":["post-1585","post","type-post","status-publish","format-standard","has-post-thumbnail","hentry","category-arsiv","category-gundem","category-son-dakika"],"_links":{"self":[{"href":"https:\/\/eskigazeteci.com\/index.php?rest_route=\/wp\/v2\/posts\/1585","targetHints":{"allow":["GET"]}}],"collection":[{"href":"https:\/\/eskigazeteci.com\/index.php?rest_route=\/wp\/v2\/posts"}],"about":[{"href":"https:\/\/eskigazeteci.com\/index.php?rest_route=\/wp\/v2\/types\/post"}],"author":[{"embeddable":true,"href":"https:\/\/eskigazeteci.com\/index.php?rest_route=\/wp\/v2\/users\/2"}],"replies":[{"embeddable":true,"href":"https:\/\/eskigazeteci.com\/index.php?rest_route=%2Fwp%2Fv2%2Fcomments&post=1585"}],"version-history":[{"count":0,"href":"https:\/\/eskigazeteci.com\/index.php?rest_route=\/wp\/v2\/posts\/1585\/revisions"}],"wp:featuredmedia":[{"embeddable":true,"href":"https:\/\/eskigazeteci.com\/index.php?rest_route=\/wp\/v2\/media\/1584"}],"wp:attachment":[{"href":"https:\/\/eskigazeteci.com\/index.php?rest_route=%2Fwp%2Fv2%2Fmedia&parent=1585"}],"wp:term":[{"taxonomy":"category","embeddable":true,"href":"https:\/\/eskigazeteci.com\/index.php?rest_route=%2Fwp%2Fv2%2Fcategories&post=1585"},{"taxonomy":"post_tag","embeddable":true,"href":"https:\/\/eskigazeteci.com\/index.php?rest_route=%2Fwp%2Fv2%2Ftags&post=1585"}],"curies":[{"name":"wp","href":"https:\/\/api.w.org\/{rel}","templated":true}]}}