{"id":1577,"date":"2026-02-12T12:56:24","date_gmt":"2026-02-12T12:56:24","guid":{"rendered":"https:\/\/eskigazeteci.com\/?p=1577"},"modified":"2026-02-12T12:56:24","modified_gmt":"2026-02-12T12:56:24","slug":"besiktas-baskani-serdal-adali-7-transferi-tanitti-tff-baskani-haciosmanogluna-var-tepkisi-cok-daha-sert-aciklamalar-yapabilirim","status":"publish","type":"post","link":"https:\/\/eskigazeteci.com\/?p=1577","title":{"rendered":"Be\u015fikta\u015f Ba\u015fkan\u0131 Serdal Adal\u0131 7 transferi tan\u0131tt\u0131! TFF Ba\u015fkan\u0131 Hac\u0131osmano\u011flu\u2019na VAR tepkisi: \u00c7ok daha sert a\u00e7\u0131klamalar yapabilirim"},"content":{"rendered":"<p>Be\u015fikta\u015f Ba\u015fkan\u0131 Serdal Adal\u0131 , ara transfer sezonunda kadrosuna katt\u0131\u011f\u0131 7 yeni ismi bas\u0131n mansuplar\u0131na tan\u0131tt\u0131 ve imza t\u00f6reni d\u00fczenledi.<\/p>\n<p>Adal\u0131\u2019n\u0131n a\u00e7\u0131klamalar\u0131 \u015fu \u015fekilde oldu:<\/p>\n<p>\u201cDe\u011ferli Be\u015fikta\u015fl\u0131lar, k\u0131ymetli bas\u0131n mensuplar\u0131 ve bug\u00fcn aram\u0131zda olarak bizi onurland\u0131ran Kore Cumhuriyeti \u0130stanbul Ba\u015fkonsolosu Say\u0131n Woo Sung Lee\u2019ye ho\u015f geldiniz diyorum.<\/p>\n<p>Buradan b\u00fcy\u00fck Be\u015fikta\u015f camias\u0131n\u0131 ve bizi ekranlar\u0131 ba\u015f\u0131ndan takip eden taraftarlar\u0131m\u0131z\u0131 selaml\u0131yorum. S\u00f6zlerime aram\u0131za yeni kat\u0131lan futbolcular\u0131m\u0131za &quot;ho\u015f geldin&quot; diyerek ba\u015flamak istiyorum. Hepinizin bildi\u011fi gibi bu transfer d\u00f6neminde; ben, futbol komitemiz, scout ekiplerimiz ve teknik heyetimiz titiz bir \u00e7al\u0131\u015fma y\u00fcr\u00fctt\u00fck. Teknik heyetimizin talepleri do\u011frultusunda ihtiya\u00e7 duydu\u011fumuz b\u00f6lgelere; h\u0131rs\u0131na, \u00e7abalar\u0131na, \u00e7al\u0131\u015fma disiplinlerine ve karakterlerine g\u00fcvendi\u011fimiz bu de\u011ferli futbolcular\u0131m\u0131z\u0131 transfer ettik.<\/p>\n<p>Ben ve y\u00f6netim kurulum, teknik heyetimiz ve camiam\u0131z yeni transferlerimize b\u00fcy\u00fck bir heyecanla yakla\u015ft\u0131. Taraftar\u0131m\u0131z da kendilerinden beklentilerini ve onlara kar\u015f\u0131 olan s\u0131cak tav\u0131rlar\u0131n\u0131 ilk ma\u00e7ta g\u00f6sterdiler. Bunun artarak devam etmesini temenni ediyorum. Bizim bir hedefimiz ve idealimiz var: Sava\u015fan, \u00fcreten, m\u00fccadele&#8230;<\/p>\n","protected":false},"excerpt":{"rendered":"<p>Be\u015fikta\u015f Ba\u015fkan\u0131 Serdal Adal\u0131, ara transfer sezonunda kadroya dahil olan Oh, Murillo, Agbadou, Olaitan, Yasin \u00d6zcan, Asllani ve Devis Vasquez&#8217;i tan\u0131tt\u0131&#8230;.<\/p>\n","protected":false},"author":2,"featured_media":1576,"comment_status":"open","ping_status":"open","sticky":false,"template":"","format":"standard","meta":{"footnotes":""},"categories":[8,5,7],"tags":[],"class_list":["post-1577","post","type-post","status-publish","format-standard","has-post-thumbnail","hentry","category-arsiv","category-son-dakika","category-spor"],"_links":{"self":[{"href":"https:\/\/eskigazeteci.com\/index.php?rest_route=\/wp\/v2\/posts\/1577","targetHints":{"allow":["GET"]}}],"collection":[{"href":"https:\/\/eskigazeteci.com\/index.php?rest_route=\/wp\/v2\/posts"}],"about":[{"href":"https:\/\/eskigazeteci.com\/index.php?rest_route=\/wp\/v2\/types\/post"}],"author":[{"embeddable":true,"href":"https:\/\/eskigazeteci.com\/index.php?rest_route=\/wp\/v2\/users\/2"}],"replies":[{"embeddable":true,"href":"https:\/\/eskigazeteci.com\/index.php?rest_route=%2Fwp%2Fv2%2Fcomments&post=1577"}],"version-history":[{"count":0,"href":"https:\/\/eskigazeteci.com\/index.php?rest_route=\/wp\/v2\/posts\/1577\/revisions"}],"wp:featuredmedia":[{"embeddable":true,"href":"https:\/\/eskigazeteci.com\/index.php?rest_route=\/wp\/v2\/media\/1576"}],"wp:attachment":[{"href":"https:\/\/eskigazeteci.com\/index.php?rest_route=%2Fwp%2Fv2%2Fmedia&parent=1577"}],"wp:term":[{"taxonomy":"category","embeddable":true,"href":"https:\/\/eskigazeteci.com\/index.php?rest_route=%2Fwp%2Fv2%2Fcategories&post=1577"},{"taxonomy":"post_tag","embeddable":true,"href":"https:\/\/eskigazeteci.com\/index.php?rest_route=%2Fwp%2Fv2%2Ftags&post=1577"}],"curies":[{"name":"wp","href":"https:\/\/api.w.org\/{rel}","templated":true}]}}