{"id":1573,"date":"2026-02-12T12:50:58","date_gmt":"2026-02-12T12:50:58","guid":{"rendered":"https:\/\/eskigazeteci.com\/?p=1573"},"modified":"2026-02-12T12:50:58","modified_gmt":"2026-02-12T12:50:58","slug":"bakan-tekinin-imzasi-ile-81-ile-gonderildi-okullarda-ramazan-ayi-etkinlikleri-uygulanacak","status":"publish","type":"post","link":"https:\/\/eskigazeteci.com\/?p=1573","title":{"rendered":"Bakan Tekin&#8217;in imzas\u0131 ile 81 ile g\u00f6nderildi: Okullarda ramazan ay\u0131 etkinlikleri uygulanacak"},"content":{"rendered":"<p>&#x27;T\u00fcrkiye Y\u00fczy\u0131l\u0131 Maarif Modeli kapsam\u0131nda ramazan ay\u0131 etkinlikleri&#x27; konulu yaz\u0131da, T\u00fcrkiye Cumhuriyeti Anayasas\u0131&#x27;nda her vatanda\u015f\u0131n milli k\u00fclt\u00fcr, medeniyet ve hukuk d\u00fczeni i\u00e7inde onurlu bir hayat s\u00fcrd\u00fcrme ve maddi manevi varl\u0131\u011f\u0131n\u0131 bu y\u00f6nde geli\u015ftirme hak ve yetkisine do\u011fu\u015ftan sahip oldu\u011funun a\u00e7\u0131k\u00e7a vurguland\u0131\u011f\u0131na i\u015faret edildi. Yaz\u0131da, 1739 say\u0131l\u0131 Milli E\u011fitim Temel Kanunu&#x27;nun 2&#x27;nci maddesinde T\u00fcrk milli e\u011fitiminin genel amac\u0131n\u0131n milli, ahlaki, insani, manevi ve k\u00fclt\u00fcrel de\u011ferleri benimseyen, koruyan ve geli\u015ftiren, bu de\u011ferleri davran\u0131\u015f haline getirmi\u015f bireyler yeti\u015ftirmek oldu\u011funun h\u00fck\u00fcm alt\u0131na al\u0131nd\u0131\u011f\u0131 belirtildi.<\/p>\n<p>222 say\u0131l\u0131 \u0130lk\u00f6\u011fretim ve E\u011fitim Kanunu&#x27;nun 1&#x27;inci maddesine g\u00f6re ilk\u00f6\u011fretimin, \u00f6\u011frencilerin bedeni, zihni ve ahlaki geli\u015fimlerine hizmet eden temel bir e\u011fitim s\u00fcreci oldu\u011funa dikkat \u00e7ekilerek, &quot;Bu yasal \u00e7er\u00e7eve, e\u011fitim sistemimizin akademik kazan\u0131mlar\u0131n yan\u0131 s\u0131ra ahlaki olgunlu\u011fu, toplumsal sorumlulu\u011fu ve de\u011fer temelli geli\u015fimi esas alan b\u00fct\u00fcnc\u00fcl bir anlay\u0131\u015fla yap\u0131land\u0131r\u0131lmas\u0131n\u0131 gerekli k\u0131lmaktad\u0131r. Ayr\u0131ca T\u00fcrkiye Y\u00fczy\u0131l\u0131 Maarif Modeli ad\u0131yla g\u00fcncellenen \u00f6\u011fretim programlar\u0131nda milli birlik ve beraberli\u011fimizi g\u00fc\u00e7lendirmek ama\u00e7lanm\u0131\u015ft\u0131r. T\u00fcrkiye Y\u00fczy\u0131l\u0131 Maarif Modeli;&#8230;<\/p>\n","protected":false},"excerpt":{"rendered":"<p>Milli E\u011fitim Bakan\u0131 Yusuf Tekin\u2019in imzas\u0131yla 81 ile g\u00f6nderilen yaz\u0131 do\u011frultusunda, ramazan ay\u0131 boyunca okullarda \u00f6\u011frencilerin milli ve manevi de\u011ferlerini&#8230;<\/p>\n","protected":false},"author":2,"featured_media":1572,"comment_status":"open","ping_status":"open","sticky":false,"template":"","format":"standard","meta":{"footnotes":""},"categories":[8,6,5],"tags":[],"class_list":["post-1573","post","type-post","status-publish","format-standard","has-post-thumbnail","hentry","category-arsiv","category-gundem","category-son-dakika"],"_links":{"self":[{"href":"https:\/\/eskigazeteci.com\/index.php?rest_route=\/wp\/v2\/posts\/1573","targetHints":{"allow":["GET"]}}],"collection":[{"href":"https:\/\/eskigazeteci.com\/index.php?rest_route=\/wp\/v2\/posts"}],"about":[{"href":"https:\/\/eskigazeteci.com\/index.php?rest_route=\/wp\/v2\/types\/post"}],"author":[{"embeddable":true,"href":"https:\/\/eskigazeteci.com\/index.php?rest_route=\/wp\/v2\/users\/2"}],"replies":[{"embeddable":true,"href":"https:\/\/eskigazeteci.com\/index.php?rest_route=%2Fwp%2Fv2%2Fcomments&post=1573"}],"version-history":[{"count":0,"href":"https:\/\/eskigazeteci.com\/index.php?rest_route=\/wp\/v2\/posts\/1573\/revisions"}],"wp:featuredmedia":[{"embeddable":true,"href":"https:\/\/eskigazeteci.com\/index.php?rest_route=\/wp\/v2\/media\/1572"}],"wp:attachment":[{"href":"https:\/\/eskigazeteci.com\/index.php?rest_route=%2Fwp%2Fv2%2Fmedia&parent=1573"}],"wp:term":[{"taxonomy":"category","embeddable":true,"href":"https:\/\/eskigazeteci.com\/index.php?rest_route=%2Fwp%2Fv2%2Fcategories&post=1573"},{"taxonomy":"post_tag","embeddable":true,"href":"https:\/\/eskigazeteci.com\/index.php?rest_route=%2Fwp%2Fv2%2Ftags&post=1573"}],"curies":[{"name":"wp","href":"https:\/\/api.w.org\/{rel}","templated":true}]}}