{"id":1571,"date":"2026-02-12T12:49:27","date_gmt":"2026-02-12T12:49:27","guid":{"rendered":"https:\/\/eskigazeteci.com\/?p=1571"},"modified":"2026-02-12T12:49:27","modified_gmt":"2026-02-12T12:49:27","slug":"kavsak-coktu-sebebi-metro-insaati-cikti","status":"publish","type":"post","link":"https:\/\/eskigazeteci.com\/?p=1571","title":{"rendered":"Kav\u015fak \u00e7\u00f6kt\u00fc: Sebebi metro in\u015faat\u0131 \u00e7\u0131kt\u0131"},"content":{"rendered":"<p>\u00c7in&#x27;in \u015eanghay \u015fehrindeki Minhang il\u00e7esinde, \u00c7i\u015fin ile Li&#x27;an caddelerinin kesi\u015fti\u011fi kav\u015fa\u011f\u0131n bir b\u00f6l\u00fcm\u00fc \u00e7\u00f6kt\u00fc.<\/p>\n<p>\u00c7\u00f6kmenin, kav\u015fa\u011f\u0131n biti\u015fi\u011finde s\u00fcren metro in\u015faat\u0131ndaki teknik hatadan kaynakland\u0131\u011f\u0131 bildirildi.<\/p>\n<p>Sosyal medyada yay\u0131lan g\u00fcvenlik kameras\u0131 g\u00f6r\u00fcnt\u00fclerinde \u00e7\u00f6kme s\u0131ras\u0131nda kav\u015fa\u011f\u0131n ge\u00e7ti\u011fi caddenin b\u00fcy\u00fck b\u00f6l\u00fcm\u00fcn\u00fcn adeta bo\u015flukta yutulmas\u0131 dikkati \u00e7ekti.<\/p>\n<p>Olayda can kayb\u0131 veya yaralanma olmad\u0131.<\/p>\n<p>\u00c7in &#x27;de altyap\u0131 ve in\u015faat hatalar\u0131 nedeniyle \u00f6zellikle arazinin ge\u00e7irgen oldu\u011fu eski nehir yataklar\u0131 gibi b\u00f6lgelerde olu\u015fan \u00e7ukur ve bo\u015fluklar, zaman zaman \u00e7\u00f6kmelere sebep oluyor.<\/p>\n<p>\u015eanghay&#x27;\u0131n Minhang il\u00e7esinde Ocak 2024&#x27;te kanalizasyon borusunun patlamas\u0131 sonucu yolda 10 metrelik \u00e7\u00f6kme meydana gelmi\u015fti.<\/p>\n<p>Yurtd\u0131\u015f\u0131nda ya\u015fanan en son olaylar, d\u00fcnya g\u00fcndemine oturan d\u0131\u015f haberler, son dakika d\u00fcnya haberleri, di\u011fer d\u00fcnya \u00fclkelerinden g\u00fcncel haberler i\u00e7in T\u00fcrkiye&#x27;nin haber sitesi hurriyet.com.tr; Hurriyet.com.tr haber i\u00e7erikleri kaynak g\u00f6sterilmeden al\u0131nt\u0131 yap\u0131lamaz, Kanuna ayk\u0131r\u0131 ve izinsiz olarak kopyalanamaz, ba\u015fka yerde yay\u0131nlanamaz.<\/p>\n","protected":false},"excerpt":{"rendered":"<p>\u00c7in&#8217;in \u015eanghay \u015fehrinde metro in\u015faat\u0131n\u0131n s\u00fcrd\u00fc\u011f\u00fc g\u00fczergahtaki kav\u015fakta teknik hata nedeniyle \u00e7\u00f6kme meydana geldi.<\/p>\n","protected":false},"author":2,"featured_media":1570,"comment_status":"open","ping_status":"open","sticky":false,"template":"","format":"standard","meta":{"footnotes":""},"categories":[8,6,5],"tags":[],"class_list":["post-1571","post","type-post","status-publish","format-standard","has-post-thumbnail","hentry","category-arsiv","category-gundem","category-son-dakika"],"_links":{"self":[{"href":"https:\/\/eskigazeteci.com\/index.php?rest_route=\/wp\/v2\/posts\/1571","targetHints":{"allow":["GET"]}}],"collection":[{"href":"https:\/\/eskigazeteci.com\/index.php?rest_route=\/wp\/v2\/posts"}],"about":[{"href":"https:\/\/eskigazeteci.com\/index.php?rest_route=\/wp\/v2\/types\/post"}],"author":[{"embeddable":true,"href":"https:\/\/eskigazeteci.com\/index.php?rest_route=\/wp\/v2\/users\/2"}],"replies":[{"embeddable":true,"href":"https:\/\/eskigazeteci.com\/index.php?rest_route=%2Fwp%2Fv2%2Fcomments&post=1571"}],"version-history":[{"count":0,"href":"https:\/\/eskigazeteci.com\/index.php?rest_route=\/wp\/v2\/posts\/1571\/revisions"}],"wp:featuredmedia":[{"embeddable":true,"href":"https:\/\/eskigazeteci.com\/index.php?rest_route=\/wp\/v2\/media\/1570"}],"wp:attachment":[{"href":"https:\/\/eskigazeteci.com\/index.php?rest_route=%2Fwp%2Fv2%2Fmedia&parent=1571"}],"wp:term":[{"taxonomy":"category","embeddable":true,"href":"https:\/\/eskigazeteci.com\/index.php?rest_route=%2Fwp%2Fv2%2Fcategories&post=1571"},{"taxonomy":"post_tag","embeddable":true,"href":"https:\/\/eskigazeteci.com\/index.php?rest_route=%2Fwp%2Fv2%2Ftags&post=1571"}],"curies":[{"name":"wp","href":"https:\/\/api.w.org\/{rel}","templated":true}]}}