{"id":1569,"date":"2026-02-12T12:47:55","date_gmt":"2026-02-12T12:47:55","guid":{"rendered":"https:\/\/eskigazeteci.com\/?p=1569"},"modified":"2026-02-12T12:47:55","modified_gmt":"2026-02-12T12:47:55","slug":"israil-cumhurbaskani-herzog-avustralyada-gostericilerle-tartisti","status":"publish","type":"post","link":"https:\/\/eskigazeteci.com\/?p=1569","title":{"rendered":"\u0130srail Cumhurba\u015fkan\u0131 Herzog, Avustralya&#8217;da g\u00f6stericilerle tart\u0131\u015ft\u0131"},"content":{"rendered":"<p>Herzog, 4 g\u00fcnl\u00fck Avustralya ziyaretinin son g\u00fcn\u00fcnde Melbourne kentinde temaslarda bulundu. Melbourne kent merkezinde Flinders Caddesi \u0130stasyonu&#x27;nda yerel saatle 17.00&#x27;de \u00e7ok say\u0131da g\u00f6sterici bir araya gelerek y\u00fcr\u00fcy\u00fc\u015f d\u00fczenledi. Filistin&#x27;i destekleyen g\u00f6stericiler, Melbourne&#x27;\u00fc ziyaretine kar\u015f\u0131 \u00e7\u0131kt\u0131klar\u0131 Herzog&#x27;un Gazze&#x27;de soyk\u0131r\u0131m\u0131 reddetmesine ili\u015fkin ifadelerine tepki g\u00f6sterdi.<\/p>\n<p>Herzog\u2019u kentte istemediklerini belirten g\u00f6stericiler, &quot;Herzog\u2019u tutuklay\u0131n&quot;, &quot;\u0130srail ter\u00f6rist devlettir&quot;, &quot;Sava\u015f su\u00e7lusunu istemiyoruz&quot;, &quot;Soyk\u0131r\u0131m\u0131 asla savunma&quot;, &quot;\u00d6zg\u00fcr Filistin&quot; yaz\u0131l\u0131 pankartlar ta\u015f\u0131d\u0131.<\/p>\n<p>G\u00f6stericilerden T\u00fcrk as\u0131ll\u0131 Fuat Yal\u00e7\u0131n, &quot;O soyk\u0131r\u0131mc\u0131y\u0131 bu \u00fclkede istemiyoruz. Her g\u00f6r\u00fc\u015ften insan, her etnik k\u00f6kenden gelen on binlerce insan onu protesto etmek i\u00e7in topland\u0131. Atmosfer \u00e7ok iyi, burada olmak \u00e7ok g\u00fczel.&quot; ifadelerini kulland\u0131.<\/p>\n<p>Kat\u0131l\u0131m\u0131n yo\u011funlu\u011funa dikkati \u00e7eken g\u00f6stericilerden Fred Baily de &quot;\u0130nsan haklar\u0131 ad\u0131na g\u00f6rd\u00fc\u011f\u00fcm en iyi kat\u0131l\u0131mlardan birisi, burada olmak \u00e7ok onur verici bir durum.&quot; \u015feklinde konu\u015ftu.<\/p>\n<p>ABC News&#x27;\u00fcn haberine g\u00f6re, &quot;Denizden nehire \u00f6zg\u00fcr Filistin&quot; sloganlar\u0131 e\u015fli\u011finde y\u00fcr\u00fcy\u00fc\u015fe ge\u00e7en kalabal\u0131k grubun protestosu, Eyalet Parlamentosu \u00f6n\u00fcnde sona erdi. Avustralya&#8230;<\/p>\n","protected":false},"excerpt":{"rendered":"<p>\u0130srail Cumhurba\u015fkan\u0131 Isaac Herzog&#8217;un, Avustralya ziyaretinin son dura\u011f\u0131 Victoria eyaletinin Melbourne kentindeki temaslar\u0131 s\u0131ras\u0131nda Filistin&#8217;e destek veren&#8230;<\/p>\n","protected":false},"author":2,"featured_media":1568,"comment_status":"open","ping_status":"open","sticky":false,"template":"","format":"standard","meta":{"footnotes":""},"categories":[8,6,5],"tags":[],"class_list":["post-1569","post","type-post","status-publish","format-standard","has-post-thumbnail","hentry","category-arsiv","category-gundem","category-son-dakika"],"_links":{"self":[{"href":"https:\/\/eskigazeteci.com\/index.php?rest_route=\/wp\/v2\/posts\/1569","targetHints":{"allow":["GET"]}}],"collection":[{"href":"https:\/\/eskigazeteci.com\/index.php?rest_route=\/wp\/v2\/posts"}],"about":[{"href":"https:\/\/eskigazeteci.com\/index.php?rest_route=\/wp\/v2\/types\/post"}],"author":[{"embeddable":true,"href":"https:\/\/eskigazeteci.com\/index.php?rest_route=\/wp\/v2\/users\/2"}],"replies":[{"embeddable":true,"href":"https:\/\/eskigazeteci.com\/index.php?rest_route=%2Fwp%2Fv2%2Fcomments&post=1569"}],"version-history":[{"count":0,"href":"https:\/\/eskigazeteci.com\/index.php?rest_route=\/wp\/v2\/posts\/1569\/revisions"}],"wp:featuredmedia":[{"embeddable":true,"href":"https:\/\/eskigazeteci.com\/index.php?rest_route=\/wp\/v2\/media\/1568"}],"wp:attachment":[{"href":"https:\/\/eskigazeteci.com\/index.php?rest_route=%2Fwp%2Fv2%2Fmedia&parent=1569"}],"wp:term":[{"taxonomy":"category","embeddable":true,"href":"https:\/\/eskigazeteci.com\/index.php?rest_route=%2Fwp%2Fv2%2Fcategories&post=1569"},{"taxonomy":"post_tag","embeddable":true,"href":"https:\/\/eskigazeteci.com\/index.php?rest_route=%2Fwp%2Fv2%2Ftags&post=1569"}],"curies":[{"name":"wp","href":"https:\/\/api.w.org\/{rel}","templated":true}]}}