{"id":1567,"date":"2026-02-12T12:46:23","date_gmt":"2026-02-12T12:46:23","guid":{"rendered":"https:\/\/eskigazeteci.com\/?p=1567"},"modified":"2026-02-12T12:46:23","modified_gmt":"2026-02-12T12:46:23","slug":"ingiltere-milli-takimi-thomas-tuchelin-sozlesmesini-uzatti","status":"publish","type":"post","link":"https:\/\/eskigazeteci.com\/?p=1567","title":{"rendered":"\u0130ngiltere Milli Tak\u0131m\u0131, Thomas Tuchel&#8217;in s\u00f6zle\u015fmesini uzatt\u0131"},"content":{"rendered":"<p>Ad\u0131 sezon sonuna kadar Michael Carrick&#x27;in y\u00f6netiminde olan Manchester United ile an\u0131lan Tuchel&#x27;le ilgili spek\u00fclasyonlar\u0131n artmas\u0131n\u0131 istemeyen federasyon, 52 ya\u015f\u0131ndaki deneyimli teknik adam\u0131n bu yaz d\u00fczenlenecek FIFA 2026 D\u00fcnya Kupas\u0131 &#x27;n\u0131n ard\u0131ndan sona erecek s\u00f6zle\u015fmesini 2028 Avrupa Futbol \u015eampiyonas\u0131 sonuna kadar uzatma karar\u0131 ald\u0131.<\/p>\n<p>Konuyla ilgili a\u00e7\u0131klama yapan Alman teknik adam, &quot;\u015eimdiye kadar ge\u00e7irdi\u011fim her dakikadan keyif ald\u0131\u011f\u0131m s\u0131r de\u011fil. \u0130ngiltere ile s\u00f6zle\u015fmemi uzatmaktan dolay\u0131 \u00e7ok mutlu ve gururluyum. \u00dclkeyi gururland\u0131rmak i\u00e7in elimizden gelenin en iyisini yapaca\u011f\u0131z.&quot;\u200b\u200b\u200b\u200b\u200b\u200b\u200b ifadelerini kulland\u0131.<\/p>\n<p>2028 Avrupa Futbol \u015eampiyonas\u0131 finallerine, \u0130ngiltere, Galler, \u0130sko\u00e7ya ve \u0130rlanda Cumhuriyeti ev sahipli\u011fi yapacak.<\/p>\n<p>Anthony Barry, Henrique Hilario, Nico Mayer ve James Melbourne, 2028 yaz\u0131na kadar Tuchel&#x27;in ekibinde olmaya devam edecek.<\/p>\n<p>Tuchel y\u00f6netimindeki \u0130ngiltere, elemelerde 8&#x27;de 8 yaparak FIFA 2026 D\u00fcnya Kupas\u0131 biletini alm\u0131\u015ft\u0131.<\/p>\n<p>T\u00fcrkiye&#x27;den ve D\u00fcnya\u2019dan son dakika haberleri, k\u00f6\u015fe yaz\u0131lar\u0131, magazinden siyasete, spordan seyahate b\u00fct\u00fcn konular\u0131n tek adresi Hurriyet.com.tr haber i\u00e7erikleri izin al\u0131nmadan, kaynak g\u00f6sterilerek dahi iktibas edilemez. Kanuna ayk\u0131r\u0131 ve&#8230;<\/p>\n","protected":false},"excerpt":{"rendered":"<p>\u0130ngiltere Futbol Federasyonu, milli tak\u0131m teknik direkt\u00f6r\u00fc Thomas Tuchel&#8217;in s\u00f6zle\u015fmesini 2028 y\u0131l\u0131na kadar uzatt\u0131.<\/p>\n","protected":false},"author":2,"featured_media":1566,"comment_status":"open","ping_status":"open","sticky":false,"template":"","format":"standard","meta":{"footnotes":""},"categories":[8,5,7],"tags":[],"class_list":["post-1567","post","type-post","status-publish","format-standard","has-post-thumbnail","hentry","category-arsiv","category-son-dakika","category-spor"],"_links":{"self":[{"href":"https:\/\/eskigazeteci.com\/index.php?rest_route=\/wp\/v2\/posts\/1567","targetHints":{"allow":["GET"]}}],"collection":[{"href":"https:\/\/eskigazeteci.com\/index.php?rest_route=\/wp\/v2\/posts"}],"about":[{"href":"https:\/\/eskigazeteci.com\/index.php?rest_route=\/wp\/v2\/types\/post"}],"author":[{"embeddable":true,"href":"https:\/\/eskigazeteci.com\/index.php?rest_route=\/wp\/v2\/users\/2"}],"replies":[{"embeddable":true,"href":"https:\/\/eskigazeteci.com\/index.php?rest_route=%2Fwp%2Fv2%2Fcomments&post=1567"}],"version-history":[{"count":0,"href":"https:\/\/eskigazeteci.com\/index.php?rest_route=\/wp\/v2\/posts\/1567\/revisions"}],"wp:featuredmedia":[{"embeddable":true,"href":"https:\/\/eskigazeteci.com\/index.php?rest_route=\/wp\/v2\/media\/1566"}],"wp:attachment":[{"href":"https:\/\/eskigazeteci.com\/index.php?rest_route=%2Fwp%2Fv2%2Fmedia&parent=1567"}],"wp:term":[{"taxonomy":"category","embeddable":true,"href":"https:\/\/eskigazeteci.com\/index.php?rest_route=%2Fwp%2Fv2%2Fcategories&post=1567"},{"taxonomy":"post_tag","embeddable":true,"href":"https:\/\/eskigazeteci.com\/index.php?rest_route=%2Fwp%2Fv2%2Ftags&post=1567"}],"curies":[{"name":"wp","href":"https:\/\/api.w.org\/{rel}","templated":true}]}}